{"id":2890,"date":"2014-12-03T05:00:00","date_gmt":"2014-12-03T05:00:00","guid":{"rendered":""},"modified":"2014-12-03T05:00:00","modified_gmt":"2014-12-03T05:00:00","slug":"en-panama-mas-de-14-000-casos-son-reportados-de-sida","status":"publish","type":"post","link":"https:\/\/sertv.gob.pa\/nacionalfm\/en-panama-mas-de-14-000-casos-son-reportados-de-sida\/","title":{"rendered":"En Panam\u00e1 m\u00e1s de 14,000 casos son reportados de sida"},"content":{"rendered":"<p>\nEl informe acumulativo de la situaci\u00f3n de sida en Panam\u00e1 (a noviembre de 2014), \u00a0revela que ya superamos la l\u00ednea de los 14,000 casos. <\/p>\n<p>Recordando que sida (S\u00edndrome de inmunodeficiencia adquirida) es distinto a VIH (Virus de inmunodeficiencia humana) <\/p>\n<p>Aunque a menudo se designa &ldquo;VIH\/sida&rdquo;, entre uno y otro hay m\u00e1s que solo aquel slash. <\/p>\n<p>Se estima que pueden pasar de 5 a 10 a\u00f1os desde que la persona se infecta con VIH hasta que desarrolla la enfermedad, y entra en la etapa sida. <\/p>\n<p>&ldquo;Considero que 14,022 casos no solo representan una cantidad considerable, sino tambi\u00e9n un llamado a la reflexi\u00f3n. Tenemos que preguntarnos por qu\u00e9 tantas personas llegaron hasta la etapa sida&rdquo;, expresa el activista social V\u00edctor N\u00fa\u00f1ez. <\/p>\n<p>El n\u00famero de casos se subdivide por g\u00e9nero en 10,445 hombres y 3,577 mujeres. <\/p>\n<p>De los informes nacionales asimismo se desprenden algunos datos que se\u00f1alan que la poblaci\u00f3n joven contin\u00faa siendo la m\u00e1s atacada. <\/p>\n<p>Por ejemplo, de 15 a 44 a\u00f1os est\u00e1 el 80% de la poblaci\u00f3n ya infectada o con sida. Y entre 15 y 24 a\u00f1os est\u00e1 el 22% de la poblaci\u00f3n con sida. <\/p>\n<p>. <\/p>\n<p>\u00a0 <\/p>\n","protected":false},"excerpt":{"rendered":"<p>El informe acumulativo de la situaci\u00f3n de sida en Panam\u00e1 <a href=\"https:\/\/sertv.gob.pa\/nacionalfm\/en-panama-mas-de-14-000-casos-son-reportados-de-sida\/\"> [&#8230;]<\/a><\/p>\n","protected":false},"author":1,"featured_media":2891,"comment_status":"closed","ping_status":"closed","sticky":false,"template":"","format":"standard","meta":{"footnotes":""},"categories":[5],"tags":[],"class_list":["post-2890","post","type-post","status-publish","format-standard","has-post-thumbnail","hentry","category-salud"],"_links":{"self":[{"href":"https:\/\/sertv.gob.pa\/nacionalfm\/wp-json\/wp\/v2\/posts\/2890","targetHints":{"allow":["GET"]}}],"collection":[{"href":"https:\/\/sertv.gob.pa\/nacionalfm\/wp-json\/wp\/v2\/posts"}],"about":[{"href":"https:\/\/sertv.gob.pa\/nacionalfm\/wp-json\/wp\/v2\/types\/post"}],"author":[{"embeddable":true,"href":"https:\/\/sertv.gob.pa\/nacionalfm\/wp-json\/wp\/v2\/users\/1"}],"replies":[{"embeddable":true,"href":"https:\/\/sertv.gob.pa\/nacionalfm\/wp-json\/wp\/v2\/comments?post=2890"}],"version-history":[{"count":0,"href":"https:\/\/sertv.gob.pa\/nacionalfm\/wp-json\/wp\/v2\/posts\/2890\/revisions"}],"wp:featuredmedia":[{"embeddable":true,"href":"https:\/\/sertv.gob.pa\/nacionalfm\/wp-json\/wp\/v2\/media\/2891"}],"wp:attachment":[{"href":"https:\/\/sertv.gob.pa\/nacionalfm\/wp-json\/wp\/v2\/media?parent=2890"}],"wp:term":[{"taxonomy":"category","embeddable":true,"href":"https:\/\/sertv.gob.pa\/nacionalfm\/wp-json\/wp\/v2\/categories?post=2890"},{"taxonomy":"post_tag","embeddable":true,"href":"https:\/\/sertv.gob.pa\/nacionalfm\/wp-json\/wp\/v2\/tags?post=2890"}],"curies":[{"name":"wp","href":"https:\/\/api.w.org\/{rel}","templated":true}]}}