{"id":2894,"date":"2014-12-03T05:00:00","date_gmt":"2014-12-03T05:00:00","guid":{"rendered":""},"modified":"2014-12-03T05:00:00","modified_gmt":"2014-12-03T05:00:00","slug":"dia-internacional-de-las-personas-con-discapacidad","status":"publish","type":"post","link":"https:\/\/sertv.gob.pa\/nacionalfm\/dia-internacional-de-las-personas-con-discapacidad\/","title":{"rendered":"D\u00eda Internacional de las Personas con Discapacidad"},"content":{"rendered":"<p>\nHoy, mi\u00e9rcoles 3 de diciembre, para celebrar el D\u00eda Internacional de las Personas con Discapacidad se desarrollar\u00e1n diversas actividades. <\/p>\n<p>A eso de las 8:30 a.m. se llev\u00f3 a cabo una cadena humana\u00a0en el parque Omar (San Francisco). Luego est\u00e1n programados otros actos culturales y de concienciaci\u00f3n sobre la discapacidad. <\/p>\n<p>Seg\u00fan una encuesta hecha en 2006, en Panam\u00e1 hay unas 370 mil personas con alg\u00fan nivel de discapacidad. <\/p>\n<p>\u00a0 <\/p>\n","protected":false},"excerpt":{"rendered":"<p>Hoy, mi\u00e9rcoles 3 de diciembre, para celebrar el D\u00eda Internacional <a href=\"https:\/\/sertv.gob.pa\/nacionalfm\/dia-internacional-de-las-personas-con-discapacidad\/\"> [&#8230;]<\/a><\/p>\n","protected":false},"author":1,"featured_media":2895,"comment_status":"closed","ping_status":"closed","sticky":false,"template":"","format":"standard","meta":{"footnotes":""},"categories":[5],"tags":[],"class_list":["post-2894","post","type-post","status-publish","format-standard","has-post-thumbnail","hentry","category-salud"],"_links":{"self":[{"href":"https:\/\/sertv.gob.pa\/nacionalfm\/wp-json\/wp\/v2\/posts\/2894","targetHints":{"allow":["GET"]}}],"collection":[{"href":"https:\/\/sertv.gob.pa\/nacionalfm\/wp-json\/wp\/v2\/posts"}],"about":[{"href":"https:\/\/sertv.gob.pa\/nacionalfm\/wp-json\/wp\/v2\/types\/post"}],"author":[{"embeddable":true,"href":"https:\/\/sertv.gob.pa\/nacionalfm\/wp-json\/wp\/v2\/users\/1"}],"replies":[{"embeddable":true,"href":"https:\/\/sertv.gob.pa\/nacionalfm\/wp-json\/wp\/v2\/comments?post=2894"}],"version-history":[{"count":0,"href":"https:\/\/sertv.gob.pa\/nacionalfm\/wp-json\/wp\/v2\/posts\/2894\/revisions"}],"wp:featuredmedia":[{"embeddable":true,"href":"https:\/\/sertv.gob.pa\/nacionalfm\/wp-json\/wp\/v2\/media\/2895"}],"wp:attachment":[{"href":"https:\/\/sertv.gob.pa\/nacionalfm\/wp-json\/wp\/v2\/media?parent=2894"}],"wp:term":[{"taxonomy":"category","embeddable":true,"href":"https:\/\/sertv.gob.pa\/nacionalfm\/wp-json\/wp\/v2\/categories?post=2894"},{"taxonomy":"post_tag","embeddable":true,"href":"https:\/\/sertv.gob.pa\/nacionalfm\/wp-json\/wp\/v2\/tags?post=2894"}],"curies":[{"name":"wp","href":"https:\/\/api.w.org\/{rel}","templated":true}]}}