{"id":2910,"date":"2014-12-04T05:00:00","date_gmt":"2014-12-04T05:00:00","guid":{"rendered":""},"modified":"2014-12-04T05:00:00","modified_gmt":"2014-12-04T05:00:00","slug":"el-pais-con-mayor-incidencia-de-vih-en-la-es-panama","status":"publish","type":"post","link":"https:\/\/sertv.gob.pa\/nacionalfm\/el-pais-con-mayor-incidencia-de-vih-en-la-es-panama\/","title":{"rendered":"El pa\u00eds con mayor incidencia de VIH en LA es Panam\u00e1"},"content":{"rendered":"<p>\nEn Panam\u00e1 es necesario redoblar todos los esfuerzos para combatir el VIH, ya que somos el pa\u00eds con mayor incidencia en Latinoam\u00e9rica, as\u00ed lo dio a conocer el Dr. Grimaldo C\u00f3rdoba, director de Promoci\u00f3n Salud del Ministerio de Salud (MINSA). <\/p>\n<p>En lo que va del a\u00f1o, 137 casos de menores de edad infectados han sido registrados <\/p>\n<p>La poblaci\u00f3n joven es una de las m\u00e1s vulnerables en el contagio, y al menos 3 de cada 10 personas no saben que portan el virus.\u00a0 Y es que la cultura en Panam\u00e1 afronta una seria problem\u00e1tica, ya que no nos gusta realizarnos la prueba de VIH, sobre todo aquellos que est\u00e1n inmersos en la promiscuidad y por supuesto las trabajadoras sexuales, as\u00ed lo indic\u00f3 C\u00f3rdoba.<br \/>\n\u00a0 <\/p>\n<p>\u00a0 <\/p>\n","protected":false},"excerpt":{"rendered":"<p>En Panam\u00e1 es necesario redoblar todos los esfuerzos para combatir <a href=\"https:\/\/sertv.gob.pa\/nacionalfm\/el-pais-con-mayor-incidencia-de-vih-en-la-es-panama\/\"> [&#8230;]<\/a><\/p>\n","protected":false},"author":1,"featured_media":2911,"comment_status":"closed","ping_status":"closed","sticky":false,"template":"","format":"standard","meta":{"footnotes":""},"categories":[5],"tags":[],"class_list":["post-2910","post","type-post","status-publish","format-standard","has-post-thumbnail","hentry","category-salud"],"_links":{"self":[{"href":"https:\/\/sertv.gob.pa\/nacionalfm\/wp-json\/wp\/v2\/posts\/2910","targetHints":{"allow":["GET"]}}],"collection":[{"href":"https:\/\/sertv.gob.pa\/nacionalfm\/wp-json\/wp\/v2\/posts"}],"about":[{"href":"https:\/\/sertv.gob.pa\/nacionalfm\/wp-json\/wp\/v2\/types\/post"}],"author":[{"embeddable":true,"href":"https:\/\/sertv.gob.pa\/nacionalfm\/wp-json\/wp\/v2\/users\/1"}],"replies":[{"embeddable":true,"href":"https:\/\/sertv.gob.pa\/nacionalfm\/wp-json\/wp\/v2\/comments?post=2910"}],"version-history":[{"count":0,"href":"https:\/\/sertv.gob.pa\/nacionalfm\/wp-json\/wp\/v2\/posts\/2910\/revisions"}],"wp:featuredmedia":[{"embeddable":true,"href":"https:\/\/sertv.gob.pa\/nacionalfm\/wp-json\/wp\/v2\/media\/2911"}],"wp:attachment":[{"href":"https:\/\/sertv.gob.pa\/nacionalfm\/wp-json\/wp\/v2\/media?parent=2910"}],"wp:term":[{"taxonomy":"category","embeddable":true,"href":"https:\/\/sertv.gob.pa\/nacionalfm\/wp-json\/wp\/v2\/categories?post=2910"},{"taxonomy":"post_tag","embeddable":true,"href":"https:\/\/sertv.gob.pa\/nacionalfm\/wp-json\/wp\/v2\/tags?post=2910"}],"curies":[{"name":"wp","href":"https:\/\/api.w.org\/{rel}","templated":true}]}}