{"id":2912,"date":"2014-12-04T05:00:00","date_gmt":"2014-12-04T05:00:00","guid":{"rendered":""},"modified":"2014-12-04T05:00:00","modified_gmt":"2014-12-04T05:00:00","slug":"todavia-existen-casos-de-tuberculosis-en-panama","status":"publish","type":"post","link":"https:\/\/sertv.gob.pa\/nacionalfm\/todavia-existen-casos-de-tuberculosis-en-panama\/","title":{"rendered":"Todav\u00eda existen casos de tuberculosis en Panam\u00e1"},"content":{"rendered":"<p>\nEn Panam\u00e1, aunque parezca incre\u00edble, todav\u00eda existe la tuberculosis y en grandes cantidades, pues \u00fanicamente en el 2013 se registraron mil 333 personas con esta enfermedad. <\/p>\n<p>Seg\u00fan expertos del Programa Nacional para Control de la Tuberculosis, esta enfermedad a\u00fan no se ha controlado en el pa\u00eds, ni en el mundo. <\/p>\n<p>La tuberculosis es una infecci\u00f3n bacteriana contagiosa y cr\u00f3nica que compromete a los pulmones. Esta enfermad, que se contagia por el aire, al toser, es curable, pero si no la tratas te puede llevar a la muerte. <\/p>\n<p>Los registros indican que de los mil 333 paname\u00f1os infectados por tuberculosis, unos 128 eran ni\u00f1os en edades de 0 a 14 a\u00f1os. <\/p>\n<p>Adem\u00e1s, el 14% (218 personas), de los casos de tuberculosis, igualmente estaban contagiados por el s\u00edndrome de inmunodeficiencia adquirida (Sida), seg\u00fan la jefa de este programa, Cecilia Arango. <\/p>\n<p>Se\u00f1al\u00f3 que, en el 2011, mil 535 paname\u00f1os se infectaron de tuberculosis, cifra que se redujo a mil 467 en el 2012. <\/p>\n<p>\u00a0 <\/p>\n","protected":false},"excerpt":{"rendered":"<p>En Panam\u00e1, aunque parezca incre\u00edble, todav\u00eda existe la tuberculosis y <a href=\"https:\/\/sertv.gob.pa\/nacionalfm\/todavia-existen-casos-de-tuberculosis-en-panama\/\"> [&#8230;]<\/a><\/p>\n","protected":false},"author":1,"featured_media":2913,"comment_status":"closed","ping_status":"closed","sticky":false,"template":"","format":"standard","meta":{"footnotes":""},"categories":[5],"tags":[],"class_list":["post-2912","post","type-post","status-publish","format-standard","has-post-thumbnail","hentry","category-salud"],"_links":{"self":[{"href":"https:\/\/sertv.gob.pa\/nacionalfm\/wp-json\/wp\/v2\/posts\/2912","targetHints":{"allow":["GET"]}}],"collection":[{"href":"https:\/\/sertv.gob.pa\/nacionalfm\/wp-json\/wp\/v2\/posts"}],"about":[{"href":"https:\/\/sertv.gob.pa\/nacionalfm\/wp-json\/wp\/v2\/types\/post"}],"author":[{"embeddable":true,"href":"https:\/\/sertv.gob.pa\/nacionalfm\/wp-json\/wp\/v2\/users\/1"}],"replies":[{"embeddable":true,"href":"https:\/\/sertv.gob.pa\/nacionalfm\/wp-json\/wp\/v2\/comments?post=2912"}],"version-history":[{"count":0,"href":"https:\/\/sertv.gob.pa\/nacionalfm\/wp-json\/wp\/v2\/posts\/2912\/revisions"}],"wp:featuredmedia":[{"embeddable":true,"href":"https:\/\/sertv.gob.pa\/nacionalfm\/wp-json\/wp\/v2\/media\/2913"}],"wp:attachment":[{"href":"https:\/\/sertv.gob.pa\/nacionalfm\/wp-json\/wp\/v2\/media?parent=2912"}],"wp:term":[{"taxonomy":"category","embeddable":true,"href":"https:\/\/sertv.gob.pa\/nacionalfm\/wp-json\/wp\/v2\/categories?post=2912"},{"taxonomy":"post_tag","embeddable":true,"href":"https:\/\/sertv.gob.pa\/nacionalfm\/wp-json\/wp\/v2\/tags?post=2912"}],"curies":[{"name":"wp","href":"https:\/\/api.w.org\/{rel}","templated":true}]}}