{"id":2941,"date":"2014-12-05T05:00:00","date_gmt":"2014-12-05T05:00:00","guid":{"rendered":""},"modified":"2014-12-05T05:00:00","modified_gmt":"2014-12-05T05:00:00","slug":"complejo-hospitalario-de-css-retoma-servicio-de-cirugias","status":"publish","type":"post","link":"https:\/\/sertv.gob.pa\/nacionalfm\/complejo-hospitalario-de-css-retoma-servicio-de-cirugias\/","title":{"rendered":"Complejo Hospitalario de CSS retoma servicio de cirug\u00edas"},"content":{"rendered":"<p>\nLas cirug\u00edas en el Complejo Hospitalario de la Caja de Seguro Social (CSS) vuelven a su normalidad, seg\u00fan confirm\u00f3 personal de esta instituci\u00f3n. <\/p>\n<p>Seg\u00fan la fuente, las intervenciones quir\u00fargicas que fueron reprogramadas ya se est\u00e1n efectuando. <\/p>\n<p>La fuente igualmente aclar\u00f3 que el da\u00f1o del aire acondicionado en las salas de operaciones ya fue solucionado. <\/p>\n<p>Roger Bar\u00e9s, presidente del Comit\u00e9 de Protecci\u00f3n al Paciente y Familiares, solicit\u00f3 a las autoridades solucionar definitivamente el problema con los aires acondicionados del Complejo, pues los asegurados son los afectados. <\/p>\n<p>\u00a0 <\/p>\n","protected":false},"excerpt":{"rendered":"<p>Las cirug\u00edas en el Complejo Hospitalario de la Caja de <a href=\"https:\/\/sertv.gob.pa\/nacionalfm\/complejo-hospitalario-de-css-retoma-servicio-de-cirugias\/\"> [&#8230;]<\/a><\/p>\n","protected":false},"author":1,"featured_media":2942,"comment_status":"closed","ping_status":"closed","sticky":false,"template":"","format":"standard","meta":{"footnotes":""},"categories":[5],"tags":[],"class_list":["post-2941","post","type-post","status-publish","format-standard","has-post-thumbnail","hentry","category-salud"],"_links":{"self":[{"href":"https:\/\/sertv.gob.pa\/nacionalfm\/wp-json\/wp\/v2\/posts\/2941","targetHints":{"allow":["GET"]}}],"collection":[{"href":"https:\/\/sertv.gob.pa\/nacionalfm\/wp-json\/wp\/v2\/posts"}],"about":[{"href":"https:\/\/sertv.gob.pa\/nacionalfm\/wp-json\/wp\/v2\/types\/post"}],"author":[{"embeddable":true,"href":"https:\/\/sertv.gob.pa\/nacionalfm\/wp-json\/wp\/v2\/users\/1"}],"replies":[{"embeddable":true,"href":"https:\/\/sertv.gob.pa\/nacionalfm\/wp-json\/wp\/v2\/comments?post=2941"}],"version-history":[{"count":0,"href":"https:\/\/sertv.gob.pa\/nacionalfm\/wp-json\/wp\/v2\/posts\/2941\/revisions"}],"wp:featuredmedia":[{"embeddable":true,"href":"https:\/\/sertv.gob.pa\/nacionalfm\/wp-json\/wp\/v2\/media\/2942"}],"wp:attachment":[{"href":"https:\/\/sertv.gob.pa\/nacionalfm\/wp-json\/wp\/v2\/media?parent=2941"}],"wp:term":[{"taxonomy":"category","embeddable":true,"href":"https:\/\/sertv.gob.pa\/nacionalfm\/wp-json\/wp\/v2\/categories?post=2941"},{"taxonomy":"post_tag","embeddable":true,"href":"https:\/\/sertv.gob.pa\/nacionalfm\/wp-json\/wp\/v2\/tags?post=2941"}],"curies":[{"name":"wp","href":"https:\/\/api.w.org\/{rel}","templated":true}]}}