{"id":2945,"date":"2014-12-05T05:00:00","date_gmt":"2014-12-05T05:00:00","guid":{"rendered":""},"modified":"2014-12-05T05:00:00","modified_gmt":"2014-12-05T05:00:00","slug":"piden-hacerse-pruebas-del-vih","status":"publish","type":"post","link":"https:\/\/sertv.gob.pa\/nacionalfm\/piden-hacerse-pruebas-del-vih\/","title":{"rendered":"Piden hacerse pruebas del VIH"},"content":{"rendered":"<p>\nEn Panam\u00e1 existen cerca de 30 mil personas que viven con el VIH sin saberlo. <\/p>\n<p>Jos\u00e9 (nombre ficticio) era uno de ellos, hasta que acudi\u00f3 al parque Porras, en Calidonia, y se efectu\u00f3 la prueba de manera gratuita y voluntaria en la feria de promoci\u00f3n realizada por el Ministerio de Salud (MINSA) y se enter\u00f3 que es portador. Seg\u00fan Aurelio N\u00fa\u00f1ez, jefe del programa Nacional de VIH\/SIDA del MINSA, esta actividad se llev\u00f3 a cabo para promocionar la realizaci\u00f3n de pruebas de VIH, en la poblaci\u00f3n sexualmente activa. <\/p>\n<p>Explic\u00f3 que aproximadamente unas 200 personas se realizaron la prueba, de las cuales, una sali\u00f3 positiva por lo que ser\u00e1 analizada para confirmar los resultados. &lsquo;Si la confirmaci\u00f3n sale positiva, la persona ser\u00e1 referida a una cl\u00ednica de terapia retroviral para comenzar tratamiento&rsquo;, dijo. <\/p>\n<p>Durante la actividad, Marisol Rodr\u00edguez, quien se realiz\u00f3 la prueba del VIH, expres\u00f3 que estas ferias deber\u00edan ser recurrentes, ya que en ellas orientan a las personas. &lsquo;La prueba no demora m\u00e1s de 45 minutos, \u00a0a\u00f1adi\u00f3 la mujer mientras le\u00eda los resultados negativos de su prueba. <\/p>\n<p>En Panam\u00e1 existen aproximadamente 30 mil personas que viven con el VIH sin saberlo. <\/p>\n","protected":false},"excerpt":{"rendered":"<p>En Panam\u00e1 existen cerca de 30 mil personas que viven <a href=\"https:\/\/sertv.gob.pa\/nacionalfm\/piden-hacerse-pruebas-del-vih\/\"> [&#8230;]<\/a><\/p>\n","protected":false},"author":1,"featured_media":2946,"comment_status":"closed","ping_status":"closed","sticky":false,"template":"","format":"standard","meta":{"footnotes":""},"categories":[5],"tags":[],"class_list":["post-2945","post","type-post","status-publish","format-standard","has-post-thumbnail","hentry","category-salud"],"_links":{"self":[{"href":"https:\/\/sertv.gob.pa\/nacionalfm\/wp-json\/wp\/v2\/posts\/2945","targetHints":{"allow":["GET"]}}],"collection":[{"href":"https:\/\/sertv.gob.pa\/nacionalfm\/wp-json\/wp\/v2\/posts"}],"about":[{"href":"https:\/\/sertv.gob.pa\/nacionalfm\/wp-json\/wp\/v2\/types\/post"}],"author":[{"embeddable":true,"href":"https:\/\/sertv.gob.pa\/nacionalfm\/wp-json\/wp\/v2\/users\/1"}],"replies":[{"embeddable":true,"href":"https:\/\/sertv.gob.pa\/nacionalfm\/wp-json\/wp\/v2\/comments?post=2945"}],"version-history":[{"count":0,"href":"https:\/\/sertv.gob.pa\/nacionalfm\/wp-json\/wp\/v2\/posts\/2945\/revisions"}],"wp:featuredmedia":[{"embeddable":true,"href":"https:\/\/sertv.gob.pa\/nacionalfm\/wp-json\/wp\/v2\/media\/2946"}],"wp:attachment":[{"href":"https:\/\/sertv.gob.pa\/nacionalfm\/wp-json\/wp\/v2\/media?parent=2945"}],"wp:term":[{"taxonomy":"category","embeddable":true,"href":"https:\/\/sertv.gob.pa\/nacionalfm\/wp-json\/wp\/v2\/categories?post=2945"},{"taxonomy":"post_tag","embeddable":true,"href":"https:\/\/sertv.gob.pa\/nacionalfm\/wp-json\/wp\/v2\/tags?post=2945"}],"curies":[{"name":"wp","href":"https:\/\/api.w.org\/{rel}","templated":true}]}}