{"id":297,"date":"2014-07-15T05:00:00","date_gmt":"2014-07-15T05:00:00","guid":{"rendered":""},"modified":"2014-07-15T05:00:00","modified_gmt":"2014-07-15T05:00:00","slug":"calculos-renales-pueden-ser-ocasionados-por-cambio-climatico","status":"publish","type":"post","link":"https:\/\/sertv.gob.pa\/nacionalfm\/calculos-renales-pueden-ser-ocasionados-por-cambio-climatico\/","title":{"rendered":"C\u00e1lculos renales pueden ser ocasionados por cambio clim\u00e1tico"},"content":{"rendered":"<p>\nEl cambio clim\u00e1tico traer\u00e1 consigo m\u00e1s d\u00edas de calor, gente m\u00e1s sudorosa y m\u00e1s deshidrataci\u00f3n, un factor clave de peligro \u00a0para el incremento de los c\u00e1lculos renales, indicaron investigadores que llevaron a cabo un estudio. <\/p>\n<p>El estudio encontr\u00f3 una relaci\u00f3n entre d\u00edas calurosos y piedras en el ri\u00f1\u00f3n en 60.000 pacientes, cuyos registros m\u00e9dicos fueron estudiados en Atlanta, Chicago, Dallas, Los \u00c1ngeles y Filadelfia. \u00a0&ldquo;Encontramos que a medida que las temperaturas diurnas suben, hay un r\u00e1pido aumento de la probabilidad de que los pacientes padezcan en el transcurso de los siguientes 20 d\u00edas c\u00e1lculos renales&rsquo;, expres\u00f3 Gregory Tasian, un ur\u00f3logo pedi\u00e1trico y epidemi\u00f3logo del Hospital de Ni\u00f1os de Filadelfia y autor del estudio. <\/p>\n<p>Con temperaturas medias diarias superiores a 10 grados cent\u00edgrados, el riesgo de aparici\u00f3n de c\u00e1lculos renales aument\u00f3 en todas las ciudades estadounidenses, excepto en Los \u00c1ngeles.\u00a0 @nacionalFm <\/p>\n<p>\u00a0 <\/p>\n","protected":false},"excerpt":{"rendered":"<p>El cambio clim\u00e1tico traer\u00e1 consigo m\u00e1s d\u00edas de calor, gente <a href=\"https:\/\/sertv.gob.pa\/nacionalfm\/calculos-renales-pueden-ser-ocasionados-por-cambio-climatico\/\"> [&#8230;]<\/a><\/p>\n","protected":false},"author":1,"featured_media":298,"comment_status":"closed","ping_status":"closed","sticky":false,"template":"","format":"standard","meta":{"footnotes":""},"categories":[5],"tags":[],"class_list":["post-297","post","type-post","status-publish","format-standard","has-post-thumbnail","hentry","category-salud"],"_links":{"self":[{"href":"https:\/\/sertv.gob.pa\/nacionalfm\/wp-json\/wp\/v2\/posts\/297","targetHints":{"allow":["GET"]}}],"collection":[{"href":"https:\/\/sertv.gob.pa\/nacionalfm\/wp-json\/wp\/v2\/posts"}],"about":[{"href":"https:\/\/sertv.gob.pa\/nacionalfm\/wp-json\/wp\/v2\/types\/post"}],"author":[{"embeddable":true,"href":"https:\/\/sertv.gob.pa\/nacionalfm\/wp-json\/wp\/v2\/users\/1"}],"replies":[{"embeddable":true,"href":"https:\/\/sertv.gob.pa\/nacionalfm\/wp-json\/wp\/v2\/comments?post=297"}],"version-history":[{"count":0,"href":"https:\/\/sertv.gob.pa\/nacionalfm\/wp-json\/wp\/v2\/posts\/297\/revisions"}],"wp:featuredmedia":[{"embeddable":true,"href":"https:\/\/sertv.gob.pa\/nacionalfm\/wp-json\/wp\/v2\/media\/298"}],"wp:attachment":[{"href":"https:\/\/sertv.gob.pa\/nacionalfm\/wp-json\/wp\/v2\/media?parent=297"}],"wp:term":[{"taxonomy":"category","embeddable":true,"href":"https:\/\/sertv.gob.pa\/nacionalfm\/wp-json\/wp\/v2\/categories?post=297"},{"taxonomy":"post_tag","embeddable":true,"href":"https:\/\/sertv.gob.pa\/nacionalfm\/wp-json\/wp\/v2\/tags?post=297"}],"curies":[{"name":"wp","href":"https:\/\/api.w.org\/{rel}","templated":true}]}}