{"id":3001,"date":"2014-12-09T05:00:00","date_gmt":"2014-12-09T05:00:00","guid":{"rendered":""},"modified":"2014-12-09T05:00:00","modified_gmt":"2014-12-09T05:00:00","slug":"infeccion-del-vih-esta-tardando-en-ocasionar-sida","status":"publish","type":"post","link":"https:\/\/sertv.gob.pa\/nacionalfm\/infeccion-del-vih-esta-tardando-en-ocasionar-sida\/","title":{"rendered":"Infecci\u00f3n del VIH est\u00e1 tardando en ocasionar sida"},"content":{"rendered":"<p>\n\u00daltimas investigaciones revelan que la infecci\u00f3n del VIH est\u00e1 tardando m\u00e1s en causar sida y los cambios en el virus pueden ayudar a contener la pandemia. <\/p>\n<p>Vir\u00f3logos aducen que el virus eventualmente puede llegar a ser &lsquo;casi inofensivo&rsquo;, pues sigue evolucionando. <\/p>\n<p>M\u00e1s de 35 millones de personas de todo el mundo est\u00e1n infectadas con el VIH y en el interior de su organismo se desarrolla una devastadora batalla entre el sistema inmune y el virus. <\/p>\n<p>\u00a0 <\/p>\n","protected":false},"excerpt":{"rendered":"<p>\u00daltimas investigaciones revelan que la infecci\u00f3n del VIH est\u00e1 tardando <a href=\"https:\/\/sertv.gob.pa\/nacionalfm\/infeccion-del-vih-esta-tardando-en-ocasionar-sida\/\"> [&#8230;]<\/a><\/p>\n","protected":false},"author":1,"featured_media":3002,"comment_status":"closed","ping_status":"closed","sticky":false,"template":"","format":"standard","meta":{"footnotes":""},"categories":[5],"tags":[],"class_list":["post-3001","post","type-post","status-publish","format-standard","has-post-thumbnail","hentry","category-salud"],"_links":{"self":[{"href":"https:\/\/sertv.gob.pa\/nacionalfm\/wp-json\/wp\/v2\/posts\/3001","targetHints":{"allow":["GET"]}}],"collection":[{"href":"https:\/\/sertv.gob.pa\/nacionalfm\/wp-json\/wp\/v2\/posts"}],"about":[{"href":"https:\/\/sertv.gob.pa\/nacionalfm\/wp-json\/wp\/v2\/types\/post"}],"author":[{"embeddable":true,"href":"https:\/\/sertv.gob.pa\/nacionalfm\/wp-json\/wp\/v2\/users\/1"}],"replies":[{"embeddable":true,"href":"https:\/\/sertv.gob.pa\/nacionalfm\/wp-json\/wp\/v2\/comments?post=3001"}],"version-history":[{"count":0,"href":"https:\/\/sertv.gob.pa\/nacionalfm\/wp-json\/wp\/v2\/posts\/3001\/revisions"}],"wp:featuredmedia":[{"embeddable":true,"href":"https:\/\/sertv.gob.pa\/nacionalfm\/wp-json\/wp\/v2\/media\/3002"}],"wp:attachment":[{"href":"https:\/\/sertv.gob.pa\/nacionalfm\/wp-json\/wp\/v2\/media?parent=3001"}],"wp:term":[{"taxonomy":"category","embeddable":true,"href":"https:\/\/sertv.gob.pa\/nacionalfm\/wp-json\/wp\/v2\/categories?post=3001"},{"taxonomy":"post_tag","embeddable":true,"href":"https:\/\/sertv.gob.pa\/nacionalfm\/wp-json\/wp\/v2\/tags?post=3001"}],"curies":[{"name":"wp","href":"https:\/\/api.w.org\/{rel}","templated":true}]}}