{"id":3005,"date":"2014-12-09T05:00:00","date_gmt":"2014-12-09T05:00:00","guid":{"rendered":""},"modified":"2014-12-09T05:00:00","modified_gmt":"2014-12-09T05:00:00","slug":"hasta-europa-llega-la-curacion-con-ayurveda","status":"publish","type":"post","link":"https:\/\/sertv.gob.pa\/nacionalfm\/hasta-europa-llega-la-curacion-con-ayurveda\/","title":{"rendered":"Hasta Europa llega la curaci\u00f3n con Ayurveda"},"content":{"rendered":"<p>\nEl Ayurveda, una medicina tradicional milenaria de la India poco aceptada en el mundo occidental como m\u00e9todo curativo, tendr\u00e1 en Hungr\u00eda su primer departamento universitario en Europa. <\/p>\n<p>La Universidad de Debrecen quiere intentar as\u00ed armonizar la visi\u00f3n del Ayurveda con la medicina moderna. <\/p>\n<p>Ayurveda significa \u00abla ciencia de la vida\u00bb en hind\u00fa y afronta las enfermedades de forma compleja, al considerar no \u00fanicamente la dimensi\u00f3n f\u00edsica de la enfermedad, sino igualmente lo mental y espiritual. <\/p>\n<p>El departamento de Ayurveda empezar\u00e1 a funcionar a partir del curso 2015\/2016. <\/p>\n<p>\u00a0 <\/p>\n","protected":false},"excerpt":{"rendered":"<p>El Ayurveda, una medicina tradicional milenaria de la India poco <a href=\"https:\/\/sertv.gob.pa\/nacionalfm\/hasta-europa-llega-la-curacion-con-ayurveda\/\"> [&#8230;]<\/a><\/p>\n","protected":false},"author":1,"featured_media":3006,"comment_status":"closed","ping_status":"closed","sticky":false,"template":"","format":"standard","meta":{"footnotes":""},"categories":[5],"tags":[],"class_list":["post-3005","post","type-post","status-publish","format-standard","has-post-thumbnail","hentry","category-salud"],"_links":{"self":[{"href":"https:\/\/sertv.gob.pa\/nacionalfm\/wp-json\/wp\/v2\/posts\/3005","targetHints":{"allow":["GET"]}}],"collection":[{"href":"https:\/\/sertv.gob.pa\/nacionalfm\/wp-json\/wp\/v2\/posts"}],"about":[{"href":"https:\/\/sertv.gob.pa\/nacionalfm\/wp-json\/wp\/v2\/types\/post"}],"author":[{"embeddable":true,"href":"https:\/\/sertv.gob.pa\/nacionalfm\/wp-json\/wp\/v2\/users\/1"}],"replies":[{"embeddable":true,"href":"https:\/\/sertv.gob.pa\/nacionalfm\/wp-json\/wp\/v2\/comments?post=3005"}],"version-history":[{"count":0,"href":"https:\/\/sertv.gob.pa\/nacionalfm\/wp-json\/wp\/v2\/posts\/3005\/revisions"}],"wp:featuredmedia":[{"embeddable":true,"href":"https:\/\/sertv.gob.pa\/nacionalfm\/wp-json\/wp\/v2\/media\/3006"}],"wp:attachment":[{"href":"https:\/\/sertv.gob.pa\/nacionalfm\/wp-json\/wp\/v2\/media?parent=3005"}],"wp:term":[{"taxonomy":"category","embeddable":true,"href":"https:\/\/sertv.gob.pa\/nacionalfm\/wp-json\/wp\/v2\/categories?post=3005"},{"taxonomy":"post_tag","embeddable":true,"href":"https:\/\/sertv.gob.pa\/nacionalfm\/wp-json\/wp\/v2\/tags?post=3005"}],"curies":[{"name":"wp","href":"https:\/\/api.w.org\/{rel}","templated":true}]}}