{"id":3007,"date":"2014-12-09T05:00:00","date_gmt":"2014-12-09T05:00:00","guid":{"rendered":""},"modified":"2014-12-09T05:00:00","modified_gmt":"2014-12-09T05:00:00","slug":"exploran-nuevo-tratamiento-contra-el-alzheimer","status":"publish","type":"post","link":"https:\/\/sertv.gob.pa\/nacionalfm\/exploran-nuevo-tratamiento-contra-el-alzheimer\/","title":{"rendered":"Exploran nuevo tratamiento contra el Alzheimer"},"content":{"rendered":"<p>\nLa Universidad Johannes Gutenberg de Mainz, Alemania, anunci\u00f3 que investigadores alemanes descubrieron recientemente una posibilidad de tratar la enfermedad de Alzheimer con un medicamento para desorden d\u00e9rmico. <\/p>\n<p>\u00a0Los resultados del estudio correspondiente fueron publicados recientemente en la revista  Neurology . Un medicamento que se ha autorizado para el tratamiento del desorden d\u00e9rmico psoriasis estimula la actividad de la enzima ADAM10 en el cerebro de los enfermos de Alzheimer, descubrieron los investigadores. <\/p>\n<p>Como mostr\u00f3 la evidencia de investigaci\u00f3n b\u00e1sica, la enzima debe ser capaz de suprimir los efectos relacionados con la enfermedad de Alzheimer, como el da\u00f1o en la funci\u00f3n cerebral y, por lo tanto, podr\u00eda mejorar la capacidad de aprendizaje y de memoria en los pacientes. <\/p>\n<p>En modelos animales con Alzheimer, igualmente se ha visto que el ADAM10 impulsa a capacidad de aprendizaje y de memoria. <\/p>\n<p>Adem\u00e1s, el medicamento es bien tolerado por los pacientes, dijo la Universidad Johannes Gutenberg de Mainz. <\/p>\n","protected":false},"excerpt":{"rendered":"<p>La Universidad Johannes Gutenberg de Mainz, Alemania, anunci\u00f3 que investigadores <a href=\"https:\/\/sertv.gob.pa\/nacionalfm\/exploran-nuevo-tratamiento-contra-el-alzheimer\/\"> [&#8230;]<\/a><\/p>\n","protected":false},"author":1,"featured_media":3008,"comment_status":"closed","ping_status":"closed","sticky":false,"template":"","format":"standard","meta":{"footnotes":""},"categories":[5],"tags":[],"class_list":["post-3007","post","type-post","status-publish","format-standard","has-post-thumbnail","hentry","category-salud"],"_links":{"self":[{"href":"https:\/\/sertv.gob.pa\/nacionalfm\/wp-json\/wp\/v2\/posts\/3007","targetHints":{"allow":["GET"]}}],"collection":[{"href":"https:\/\/sertv.gob.pa\/nacionalfm\/wp-json\/wp\/v2\/posts"}],"about":[{"href":"https:\/\/sertv.gob.pa\/nacionalfm\/wp-json\/wp\/v2\/types\/post"}],"author":[{"embeddable":true,"href":"https:\/\/sertv.gob.pa\/nacionalfm\/wp-json\/wp\/v2\/users\/1"}],"replies":[{"embeddable":true,"href":"https:\/\/sertv.gob.pa\/nacionalfm\/wp-json\/wp\/v2\/comments?post=3007"}],"version-history":[{"count":0,"href":"https:\/\/sertv.gob.pa\/nacionalfm\/wp-json\/wp\/v2\/posts\/3007\/revisions"}],"wp:featuredmedia":[{"embeddable":true,"href":"https:\/\/sertv.gob.pa\/nacionalfm\/wp-json\/wp\/v2\/media\/3008"}],"wp:attachment":[{"href":"https:\/\/sertv.gob.pa\/nacionalfm\/wp-json\/wp\/v2\/media?parent=3007"}],"wp:term":[{"taxonomy":"category","embeddable":true,"href":"https:\/\/sertv.gob.pa\/nacionalfm\/wp-json\/wp\/v2\/categories?post=3007"},{"taxonomy":"post_tag","embeddable":true,"href":"https:\/\/sertv.gob.pa\/nacionalfm\/wp-json\/wp\/v2\/tags?post=3007"}],"curies":[{"name":"wp","href":"https:\/\/api.w.org\/{rel}","templated":true}]}}