{"id":30323,"date":"2018-08-30T13:28:43","date_gmt":"2018-08-30T13:28:43","guid":{"rendered":""},"modified":"2018-08-30T13:28:43","modified_gmt":"2018-08-30T13:28:43","slug":"37-000-personas-mueren-cada-ano-en-espana-por-culpa-del-alcohol","status":"publish","type":"post","link":"https:\/\/sertv.gob.pa\/nacionalfm\/37-000-personas-mueren-cada-ano-en-espana-por-culpa-del-alcohol\/","title":{"rendered":"37.000 personas mueren cada a\u00f1o en Espa\u00f1a por culpa del alcohol"},"content":{"rendered":"<p>\nEn 2016, fallecieron en Espa\u00f1a  25.000 hombres y 12.000 mujeres a causa del alcohol . La bebida estuvo directamente implicada en 10% de las muertes de varones y en el 3,9% de las de f\u00e9minas registradas ese a\u00f1o, seg\u00fan refleja un ambicioso estudio que alerta de las graves consecuencias que acarrea el consumo de esta sustancia t\u00f3xica. <\/p>\n<p>La investigaci\u00f3n, publicada en  &#8216;The Lancet&#8217; , ofrece una preocupante panor\u00e1mica global: cada a\u00f1o se producen en el mundo unos  2,8 millones de fallecimientos atribuibles al alcohol , una bebida que ingieren uno de cada tres habitantes del planeta. De hecho, este consumo ocupa el s\u00e9ptimo lugar en la lista de principales factores de riesgo de muerte prematura y enfermedad; un puesto que escala hasta el n\u00famero uno si s\u00f3lo se tienen en cuenta a las personas con edades comprendidas entre los 15 y los 49 a\u00f1os. <\/p>\n<p>El Mundo <\/p>\n","protected":false},"excerpt":{"rendered":"<p>En 2016, fallecieron en Espa\u00f1a 25.000 hombres y 12.000 mujeres <a href=\"https:\/\/sertv.gob.pa\/nacionalfm\/37-000-personas-mueren-cada-ano-en-espana-por-culpa-del-alcohol\/\"> [&#8230;]<\/a><\/p>\n","protected":false},"author":1,"featured_media":30324,"comment_status":"closed","ping_status":"closed","sticky":false,"template":"","format":"standard","meta":{"footnotes":""},"categories":[5],"tags":[],"class_list":["post-30323","post","type-post","status-publish","format-standard","has-post-thumbnail","hentry","category-salud"],"_links":{"self":[{"href":"https:\/\/sertv.gob.pa\/nacionalfm\/wp-json\/wp\/v2\/posts\/30323","targetHints":{"allow":["GET"]}}],"collection":[{"href":"https:\/\/sertv.gob.pa\/nacionalfm\/wp-json\/wp\/v2\/posts"}],"about":[{"href":"https:\/\/sertv.gob.pa\/nacionalfm\/wp-json\/wp\/v2\/types\/post"}],"author":[{"embeddable":true,"href":"https:\/\/sertv.gob.pa\/nacionalfm\/wp-json\/wp\/v2\/users\/1"}],"replies":[{"embeddable":true,"href":"https:\/\/sertv.gob.pa\/nacionalfm\/wp-json\/wp\/v2\/comments?post=30323"}],"version-history":[{"count":0,"href":"https:\/\/sertv.gob.pa\/nacionalfm\/wp-json\/wp\/v2\/posts\/30323\/revisions"}],"wp:featuredmedia":[{"embeddable":true,"href":"https:\/\/sertv.gob.pa\/nacionalfm\/wp-json\/wp\/v2\/media\/30324"}],"wp:attachment":[{"href":"https:\/\/sertv.gob.pa\/nacionalfm\/wp-json\/wp\/v2\/media?parent=30323"}],"wp:term":[{"taxonomy":"category","embeddable":true,"href":"https:\/\/sertv.gob.pa\/nacionalfm\/wp-json\/wp\/v2\/categories?post=30323"},{"taxonomy":"post_tag","embeddable":true,"href":"https:\/\/sertv.gob.pa\/nacionalfm\/wp-json\/wp\/v2\/tags?post=30323"}],"curies":[{"name":"wp","href":"https:\/\/api.w.org\/{rel}","templated":true}]}}