{"id":30349,"date":"2018-08-31T12:20:22","date_gmt":"2018-08-31T12:20:22","guid":{"rendered":""},"modified":"2018-08-31T12:20:22","modified_gmt":"2018-08-31T12:20:22","slug":"minsa-solicita-a-extranjeros-vacunarse","status":"publish","type":"post","link":"https:\/\/sertv.gob.pa\/nacionalfm\/minsa-solicita-a-extranjeros-vacunarse\/","title":{"rendered":"Minsa solicita a extranjeros vacunarse"},"content":{"rendered":"<p>\nEl Ministerio de Salud de Panam\u00e1 (Minsa) invita a los ciudadanos extranjeros a vacunarse contra el sarampi\u00f3n y la rub\u00e9ola por el incremento de casos en pa\u00edses como Nicaragua, Per\u00fa y Colombia. Aunque en Panam\u00e1 no se ha registrado un caso aut\u00f3ctono desde 1996, las autoridades no quieren correr el riesgo de una epidemia. <\/p>\n<p>La alerta de las autoridades paname\u00f1as se agudiza por la falta de inter\u00e9s de los paname\u00f1os en ir a los centros de salud para vacunarse. \u00abAntes de viajar a cualquier pa\u00eds de la regi\u00f3n centroamericana y a Brasil, deben vacunarse\u00bb, sostuvo una enfermera de un centro de salud. <\/p>\n<p>\u00a0 <\/p>\n","protected":false},"excerpt":{"rendered":"<p>El Ministerio de Salud de Panam\u00e1 (Minsa) invita a los <a href=\"https:\/\/sertv.gob.pa\/nacionalfm\/minsa-solicita-a-extranjeros-vacunarse\/\"> [&#8230;]<\/a><\/p>\n","protected":false},"author":1,"featured_media":30350,"comment_status":"closed","ping_status":"closed","sticky":false,"template":"","format":"standard","meta":{"footnotes":""},"categories":[5],"tags":[],"class_list":["post-30349","post","type-post","status-publish","format-standard","has-post-thumbnail","hentry","category-salud"],"_links":{"self":[{"href":"https:\/\/sertv.gob.pa\/nacionalfm\/wp-json\/wp\/v2\/posts\/30349","targetHints":{"allow":["GET"]}}],"collection":[{"href":"https:\/\/sertv.gob.pa\/nacionalfm\/wp-json\/wp\/v2\/posts"}],"about":[{"href":"https:\/\/sertv.gob.pa\/nacionalfm\/wp-json\/wp\/v2\/types\/post"}],"author":[{"embeddable":true,"href":"https:\/\/sertv.gob.pa\/nacionalfm\/wp-json\/wp\/v2\/users\/1"}],"replies":[{"embeddable":true,"href":"https:\/\/sertv.gob.pa\/nacionalfm\/wp-json\/wp\/v2\/comments?post=30349"}],"version-history":[{"count":0,"href":"https:\/\/sertv.gob.pa\/nacionalfm\/wp-json\/wp\/v2\/posts\/30349\/revisions"}],"wp:featuredmedia":[{"embeddable":true,"href":"https:\/\/sertv.gob.pa\/nacionalfm\/wp-json\/wp\/v2\/media\/30350"}],"wp:attachment":[{"href":"https:\/\/sertv.gob.pa\/nacionalfm\/wp-json\/wp\/v2\/media?parent=30349"}],"wp:term":[{"taxonomy":"category","embeddable":true,"href":"https:\/\/sertv.gob.pa\/nacionalfm\/wp-json\/wp\/v2\/categories?post=30349"},{"taxonomy":"post_tag","embeddable":true,"href":"https:\/\/sertv.gob.pa\/nacionalfm\/wp-json\/wp\/v2\/tags?post=30349"}],"curies":[{"name":"wp","href":"https:\/\/api.w.org\/{rel}","templated":true}]}}