{"id":3035,"date":"2014-12-10T05:00:00","date_gmt":"2014-12-10T05:00:00","guid":{"rendered":""},"modified":"2014-12-10T05:00:00","modified_gmt":"2014-12-10T05:00:00","slug":"caso-de-hantavirus-es-confirmado","status":"publish","type":"post","link":"https:\/\/sertv.gob.pa\/nacionalfm\/caso-de-hantavirus-es-confirmado\/","title":{"rendered":"Caso de Hantavirus es confirmado"},"content":{"rendered":"<p>\nUna mujer de 55 a\u00f1os, residente en el corregimiento de Par\u00eds de Parita, en la provincia de Herrera, se convirti\u00f3 en el segundo caso de Hantavirus en la regi\u00f3n en lo que va del a\u00f1o 2014, por lo que se orden\u00f3 su traslado a la Unidad de Cuidados Intensivos del Hospital Santo Tom\u00e1s, en la ciudad capital. <\/p>\n<p>La paciente fue admitida en el hospital Cecilio A. Castillero de Chitr\u00e9, con s\u00edntomas de seis d\u00edas de fiebre, dolor de cabeza, musculares y de espalda. Luego fue trasladada, el 8 de diciembre, a Panam\u00e1. <\/p>\n<p>El director regional de Salud de Herrera, Alcibiades Dom\u00ednguez, confirm\u00f3 que la paciente se mantiene bajo pron\u00f3stico reservado y agreg\u00f3 que se efect\u00faan las investigaciones y colocaci\u00f3n de trampas. <\/p>\n<p>\u00a0 <\/p>\n","protected":false},"excerpt":{"rendered":"<p>Una mujer de 55 a\u00f1os, residente en el corregimiento de <a href=\"https:\/\/sertv.gob.pa\/nacionalfm\/caso-de-hantavirus-es-confirmado\/\"> [&#8230;]<\/a><\/p>\n","protected":false},"author":1,"featured_media":3036,"comment_status":"closed","ping_status":"closed","sticky":false,"template":"","format":"standard","meta":{"footnotes":""},"categories":[5],"tags":[],"class_list":["post-3035","post","type-post","status-publish","format-standard","has-post-thumbnail","hentry","category-salud"],"_links":{"self":[{"href":"https:\/\/sertv.gob.pa\/nacionalfm\/wp-json\/wp\/v2\/posts\/3035","targetHints":{"allow":["GET"]}}],"collection":[{"href":"https:\/\/sertv.gob.pa\/nacionalfm\/wp-json\/wp\/v2\/posts"}],"about":[{"href":"https:\/\/sertv.gob.pa\/nacionalfm\/wp-json\/wp\/v2\/types\/post"}],"author":[{"embeddable":true,"href":"https:\/\/sertv.gob.pa\/nacionalfm\/wp-json\/wp\/v2\/users\/1"}],"replies":[{"embeddable":true,"href":"https:\/\/sertv.gob.pa\/nacionalfm\/wp-json\/wp\/v2\/comments?post=3035"}],"version-history":[{"count":0,"href":"https:\/\/sertv.gob.pa\/nacionalfm\/wp-json\/wp\/v2\/posts\/3035\/revisions"}],"wp:featuredmedia":[{"embeddable":true,"href":"https:\/\/sertv.gob.pa\/nacionalfm\/wp-json\/wp\/v2\/media\/3036"}],"wp:attachment":[{"href":"https:\/\/sertv.gob.pa\/nacionalfm\/wp-json\/wp\/v2\/media?parent=3035"}],"wp:term":[{"taxonomy":"category","embeddable":true,"href":"https:\/\/sertv.gob.pa\/nacionalfm\/wp-json\/wp\/v2\/categories?post=3035"},{"taxonomy":"post_tag","embeddable":true,"href":"https:\/\/sertv.gob.pa\/nacionalfm\/wp-json\/wp\/v2\/tags?post=3035"}],"curies":[{"name":"wp","href":"https:\/\/api.w.org\/{rel}","templated":true}]}}