{"id":30351,"date":"2018-08-31T12:43:38","date_gmt":"2018-08-31T12:43:38","guid":{"rendered":""},"modified":"2018-08-31T12:43:38","modified_gmt":"2018-08-31T12:43:38","slug":"cancer-de-mama-control","status":"publish","type":"post","link":"https:\/\/sertv.gob.pa\/nacionalfm\/cancer-de-mama-control\/","title":{"rendered":"C\u00e1ncer de mama: control"},"content":{"rendered":"<p>\n El c\u00e1ncer de mama  es una  enfermedad  que afecta a muchas mujeres cada d\u00eda. Conocer tu  cuerpo  y realizarse peri\u00f3dicamente los  ex\u00e1menes  pertinentes, puede ayudar a que se diagnostique la  enfermedad  a tiempo. La mayor\u00eda de las  mujeres , cuando acuden a efectuarse  la mamograf\u00eda , es por sugerencia  m\u00e9dica, masas palpables, antecedentes familiares  o porque llegaron a la etapa de los 40. Lo ideal es llevar un  control m\u00e9dico  que se comience a partir de los 35 a\u00f1os,  explica la doctora Givelle Zambrano, radi\u00f3loga.  <\/p>\n<p>Se\u00f1ala que en el caso de las  pacientes  menores de 35 a\u00f1os, no es recomendable realizarse la  mamograf\u00eda , ya que ofrece pocos resultados debido a la densidad de la  mama ; por lo general, estas  pacientes  tienen muy pocas causas o  s\u00edntomas  que requieran la realizaci\u00f3n de una  mamograf\u00eda , es por esto por lo que, de presentar molestias o  antecedentes familiares , se le recomienda el  ultrasonido.  <\/p>\n<p>\u00a0 <\/p>\n","protected":false},"excerpt":{"rendered":"<p>El c\u00e1ncer de mama es una enfermedad que afecta a <a href=\"https:\/\/sertv.gob.pa\/nacionalfm\/cancer-de-mama-control\/\"> [&#8230;]<\/a><\/p>\n","protected":false},"author":1,"featured_media":30352,"comment_status":"closed","ping_status":"closed","sticky":false,"template":"","format":"standard","meta":{"footnotes":""},"categories":[5],"tags":[],"class_list":["post-30351","post","type-post","status-publish","format-standard","has-post-thumbnail","hentry","category-salud"],"_links":{"self":[{"href":"https:\/\/sertv.gob.pa\/nacionalfm\/wp-json\/wp\/v2\/posts\/30351","targetHints":{"allow":["GET"]}}],"collection":[{"href":"https:\/\/sertv.gob.pa\/nacionalfm\/wp-json\/wp\/v2\/posts"}],"about":[{"href":"https:\/\/sertv.gob.pa\/nacionalfm\/wp-json\/wp\/v2\/types\/post"}],"author":[{"embeddable":true,"href":"https:\/\/sertv.gob.pa\/nacionalfm\/wp-json\/wp\/v2\/users\/1"}],"replies":[{"embeddable":true,"href":"https:\/\/sertv.gob.pa\/nacionalfm\/wp-json\/wp\/v2\/comments?post=30351"}],"version-history":[{"count":0,"href":"https:\/\/sertv.gob.pa\/nacionalfm\/wp-json\/wp\/v2\/posts\/30351\/revisions"}],"wp:featuredmedia":[{"embeddable":true,"href":"https:\/\/sertv.gob.pa\/nacionalfm\/wp-json\/wp\/v2\/media\/30352"}],"wp:attachment":[{"href":"https:\/\/sertv.gob.pa\/nacionalfm\/wp-json\/wp\/v2\/media?parent=30351"}],"wp:term":[{"taxonomy":"category","embeddable":true,"href":"https:\/\/sertv.gob.pa\/nacionalfm\/wp-json\/wp\/v2\/categories?post=30351"},{"taxonomy":"post_tag","embeddable":true,"href":"https:\/\/sertv.gob.pa\/nacionalfm\/wp-json\/wp\/v2\/tags?post=30351"}],"curies":[{"name":"wp","href":"https:\/\/api.w.org\/{rel}","templated":true}]}}