{"id":3037,"date":"2014-12-10T05:00:00","date_gmt":"2014-12-10T05:00:00","guid":{"rendered":""},"modified":"2014-12-10T05:00:00","modified_gmt":"2014-12-10T05:00:00","slug":"el-ebola-continua-propagandose-en-sierra-leona-y-guinea","status":"publish","type":"post","link":"https:\/\/sertv.gob.pa\/nacionalfm\/el-ebola-continua-propagandose-en-sierra-leona-y-guinea\/","title":{"rendered":"El \u00e9bola contin\u00faa propag\u00e1ndose en Sierra Leona y Guinea"},"content":{"rendered":"<p>\nEl \u00e9bola se sigue propagando r\u00e1pidamente en el oeste de Sierra Leona y en las profundidades del interior selv\u00e1tico de Guinea, y se necesitan m\u00e1s trabajadores de la salud para ayudar a combatir la epidemia, manifest\u00f3 un funcionario de la ONU. <\/p>\n<p>La cifra de decesos por el brote de \u00e9bola en \u00c1frica occidental ha aumentado a 6 mil 331 en los tres pa\u00edses m\u00e1s afectados, donde Sierra Leona ahora supera a Liberia como el pa\u00eds con el mayor n\u00famero de casos, mostraron cifras de la Organizaci\u00f3n Mundial de la Salud (OMS). <\/p>\n<p>&ldquo;Sabemos que el brote a\u00fan se propaga con fuerza en el oeste de Sierra Leona y en algunas partes del interior de Guinea. No podemos descansar, todav\u00eda tenemos que esforzarnos&rdquo;, coment\u00f3 el enviado especial del secretario general de la ONU para el \u00e9bola, David Navarro. <\/p>\n<p>A\u00fan se est\u00e1n estableciendo centros de tratamiento en Sierra Leona y necesitan de personal experto, declar\u00f3 Navarro en una conferencia de prensa en Ginebra. <\/p>\n<p>El mortal virus se est\u00e1 propagando particularmente en la capital de Sierra Leona, Freetown, y en Port Loko, &ldquo;donde existe la necesidad de una respuesta mucho m\u00e1s intensa&rdquo;, coment\u00f3 Navarro, un veterano experto en salud p\u00fablica. <\/p>\n<p>\u00a0 <\/p>\n","protected":false},"excerpt":{"rendered":"<p>El \u00e9bola se sigue propagando r\u00e1pidamente en el oeste de <a href=\"https:\/\/sertv.gob.pa\/nacionalfm\/el-ebola-continua-propagandose-en-sierra-leona-y-guinea\/\"> [&#8230;]<\/a><\/p>\n","protected":false},"author":1,"featured_media":3038,"comment_status":"closed","ping_status":"closed","sticky":false,"template":"","format":"standard","meta":{"footnotes":""},"categories":[5],"tags":[],"class_list":["post-3037","post","type-post","status-publish","format-standard","has-post-thumbnail","hentry","category-salud"],"_links":{"self":[{"href":"https:\/\/sertv.gob.pa\/nacionalfm\/wp-json\/wp\/v2\/posts\/3037","targetHints":{"allow":["GET"]}}],"collection":[{"href":"https:\/\/sertv.gob.pa\/nacionalfm\/wp-json\/wp\/v2\/posts"}],"about":[{"href":"https:\/\/sertv.gob.pa\/nacionalfm\/wp-json\/wp\/v2\/types\/post"}],"author":[{"embeddable":true,"href":"https:\/\/sertv.gob.pa\/nacionalfm\/wp-json\/wp\/v2\/users\/1"}],"replies":[{"embeddable":true,"href":"https:\/\/sertv.gob.pa\/nacionalfm\/wp-json\/wp\/v2\/comments?post=3037"}],"version-history":[{"count":0,"href":"https:\/\/sertv.gob.pa\/nacionalfm\/wp-json\/wp\/v2\/posts\/3037\/revisions"}],"wp:featuredmedia":[{"embeddable":true,"href":"https:\/\/sertv.gob.pa\/nacionalfm\/wp-json\/wp\/v2\/media\/3038"}],"wp:attachment":[{"href":"https:\/\/sertv.gob.pa\/nacionalfm\/wp-json\/wp\/v2\/media?parent=3037"}],"wp:term":[{"taxonomy":"category","embeddable":true,"href":"https:\/\/sertv.gob.pa\/nacionalfm\/wp-json\/wp\/v2\/categories?post=3037"},{"taxonomy":"post_tag","embeddable":true,"href":"https:\/\/sertv.gob.pa\/nacionalfm\/wp-json\/wp\/v2\/tags?post=3037"}],"curies":[{"name":"wp","href":"https:\/\/api.w.org\/{rel}","templated":true}]}}