{"id":30371,"date":"2018-08-31T19:31:32","date_gmt":"2018-08-31T19:31:32","guid":{"rendered":""},"modified":"2018-08-31T19:31:32","modified_gmt":"2018-08-31T19:31:32","slug":"personal-de-salud-se-capacita-en-el-tema-enfermedad-renal-cronica","status":"publish","type":"post","link":"https:\/\/sertv.gob.pa\/nacionalfm\/personal-de-salud-se-capacita-en-el-tema-enfermedad-renal-cronica\/","title":{"rendered":"Personal de salud se capacita en el tema \u201cEnfermedad Renal Cr\u00f3nica\u201d"},"content":{"rendered":"<p>\nUna capacitaci\u00f3n con el tema &ldquo;Enfermedad Renal Cr\u00f3nica (ERC)&rdquo;, fue dictada a m\u00e9dicos, odont\u00f3logos y especialistas de la policl\u00ednica Pablo Espinosa J., de la Caja de Seguro Social (CSS), en el distrito de Bugaba, expuesto por el Dr. Cristian Camargo, m\u00e9dico de Salud Ocupacional y Planificador de esta unidad ejecutora. <\/p>\n<p>Sobre el tema, Camargo explic\u00f3, que la funci\u00f3n renal consiste en eliminar los productos de deshechos metab\u00f3licos, regular el volumen l\u00edquido, la presi\u00f3n arterial, el balance de electrolitos, el equilibrio de \u00e1cido-base, el metabolismo \u00f3seo, producci\u00f3n de eritropoyetina, entre otras. El t\u00e9rmino  &ldquo;Enfermedad Renal Cr\u00f3nica Estadio 5 &rdquo;, se define como la disminuci\u00f3n lenta, progresiva e irreversible de la capacidad funcionamiento renal, es cuando el filtrado glomerular es inferior al 20 a 25 %, es decir, cuando se ha perdido del 80 al 90 % de la funci\u00f3n renal, acot\u00f3 el Dr. Camargo. <\/p>\n<p>Igualmente, el galeno manifest\u00f3, que para considerar a un paciente con ERC, se diagn\u00f3stica mediante una historia cl\u00ednica, que incluye: antecedentes personales, examen f\u00edsico, factores agravantes, etc.; ex\u00e1menes de laboratorio que abarca la prueba de funci\u00f3n renal, electrolitos, \u00e1cido \u00farico, qu\u00edmica sangu\u00ednea, BHC, etc.; tambi\u00e9n los estudios de imageneolog\u00eda y estudios anatomopatol\u00f3gicos, entre otros. <\/p>\n<p>Es importante enfatizar, que entre los factores que influyen que se desarrolle la ERC, se encuentra la diabetes mellitus, presi\u00f3n arterial alta, obesidad, s\u00edndrome metab\u00f3lico, dislipidemia, hipercalcemia, enfermedad autoinmunes, nefrolitiasis, obstrucci\u00f3n del tracto urinario, nefrotoxicidad por drogas o exposici\u00f3n a productos t\u00f3xicos en el ambiente laboral, infecciones sist\u00e9micas o del tracto urinario, tabaquismo, entre otros, puntualiz\u00f3 el especialista. <\/p>\n","protected":false},"excerpt":{"rendered":"<p>Una capacitaci\u00f3n con el tema &ldquo;Enfermedad Renal Cr\u00f3nica (ERC)&rdquo;, fue <a href=\"https:\/\/sertv.gob.pa\/nacionalfm\/personal-de-salud-se-capacita-en-el-tema-enfermedad-renal-cronica\/\"> [&#8230;]<\/a><\/p>\n","protected":false},"author":1,"featured_media":30372,"comment_status":"closed","ping_status":"closed","sticky":false,"template":"","format":"standard","meta":{"footnotes":""},"categories":[5],"tags":[],"class_list":["post-30371","post","type-post","status-publish","format-standard","has-post-thumbnail","hentry","category-salud"],"_links":{"self":[{"href":"https:\/\/sertv.gob.pa\/nacionalfm\/wp-json\/wp\/v2\/posts\/30371","targetHints":{"allow":["GET"]}}],"collection":[{"href":"https:\/\/sertv.gob.pa\/nacionalfm\/wp-json\/wp\/v2\/posts"}],"about":[{"href":"https:\/\/sertv.gob.pa\/nacionalfm\/wp-json\/wp\/v2\/types\/post"}],"author":[{"embeddable":true,"href":"https:\/\/sertv.gob.pa\/nacionalfm\/wp-json\/wp\/v2\/users\/1"}],"replies":[{"embeddable":true,"href":"https:\/\/sertv.gob.pa\/nacionalfm\/wp-json\/wp\/v2\/comments?post=30371"}],"version-history":[{"count":0,"href":"https:\/\/sertv.gob.pa\/nacionalfm\/wp-json\/wp\/v2\/posts\/30371\/revisions"}],"wp:featuredmedia":[{"embeddable":true,"href":"https:\/\/sertv.gob.pa\/nacionalfm\/wp-json\/wp\/v2\/media\/30372"}],"wp:attachment":[{"href":"https:\/\/sertv.gob.pa\/nacionalfm\/wp-json\/wp\/v2\/media?parent=30371"}],"wp:term":[{"taxonomy":"category","embeddable":true,"href":"https:\/\/sertv.gob.pa\/nacionalfm\/wp-json\/wp\/v2\/categories?post=30371"},{"taxonomy":"post_tag","embeddable":true,"href":"https:\/\/sertv.gob.pa\/nacionalfm\/wp-json\/wp\/v2\/tags?post=30371"}],"curies":[{"name":"wp","href":"https:\/\/api.w.org\/{rel}","templated":true}]}}