{"id":30411,"date":"2018-09-04T12:45:17","date_gmt":"2018-09-04T12:45:17","guid":{"rendered":""},"modified":"2018-09-04T12:45:17","modified_gmt":"2018-09-04T12:45:17","slug":"cruzada-contra-el-ruido-en-chiriqui","status":"publish","type":"post","link":"https:\/\/sertv.gob.pa\/nacionalfm\/cruzada-contra-el-ruido-en-chiriqui\/","title":{"rendered":"Cruzada contra el ruido en Chiriqu\u00ed"},"content":{"rendered":"<p>\nEl Hospital Materno Infantil Jos\u00e9 Domingo de Obald\u00eda en David, Chiriqu\u00ed, comenz\u00f3 ayer una campa\u00f1a para disminuir el ruido en este centro hospitalario ante los altos \u00edndices de decibeles que se registran en las instalaciones. <\/p>\n<p>Las autoridades del Ministerio de Salud (Minsa) explicaron que el exceso de ruido ha provoca una lenta recuperaci\u00f3n en los pacientes que sufren con traumas cr\u00e1neo encef\u00e1licos, padecimientos de meningitis y otitis. <\/p>\n<p>\u00a0 <\/p>\n","protected":false},"excerpt":{"rendered":"<p>El Hospital Materno Infantil Jos\u00e9 Domingo de Obald\u00eda en David, <a href=\"https:\/\/sertv.gob.pa\/nacionalfm\/cruzada-contra-el-ruido-en-chiriqui\/\"> [&#8230;]<\/a><\/p>\n","protected":false},"author":1,"featured_media":30412,"comment_status":"closed","ping_status":"closed","sticky":false,"template":"","format":"standard","meta":{"footnotes":""},"categories":[5],"tags":[],"class_list":["post-30411","post","type-post","status-publish","format-standard","has-post-thumbnail","hentry","category-salud"],"_links":{"self":[{"href":"https:\/\/sertv.gob.pa\/nacionalfm\/wp-json\/wp\/v2\/posts\/30411","targetHints":{"allow":["GET"]}}],"collection":[{"href":"https:\/\/sertv.gob.pa\/nacionalfm\/wp-json\/wp\/v2\/posts"}],"about":[{"href":"https:\/\/sertv.gob.pa\/nacionalfm\/wp-json\/wp\/v2\/types\/post"}],"author":[{"embeddable":true,"href":"https:\/\/sertv.gob.pa\/nacionalfm\/wp-json\/wp\/v2\/users\/1"}],"replies":[{"embeddable":true,"href":"https:\/\/sertv.gob.pa\/nacionalfm\/wp-json\/wp\/v2\/comments?post=30411"}],"version-history":[{"count":0,"href":"https:\/\/sertv.gob.pa\/nacionalfm\/wp-json\/wp\/v2\/posts\/30411\/revisions"}],"wp:featuredmedia":[{"embeddable":true,"href":"https:\/\/sertv.gob.pa\/nacionalfm\/wp-json\/wp\/v2\/media\/30412"}],"wp:attachment":[{"href":"https:\/\/sertv.gob.pa\/nacionalfm\/wp-json\/wp\/v2\/media?parent=30411"}],"wp:term":[{"taxonomy":"category","embeddable":true,"href":"https:\/\/sertv.gob.pa\/nacionalfm\/wp-json\/wp\/v2\/categories?post=30411"},{"taxonomy":"post_tag","embeddable":true,"href":"https:\/\/sertv.gob.pa\/nacionalfm\/wp-json\/wp\/v2\/tags?post=30411"}],"curies":[{"name":"wp","href":"https:\/\/api.w.org\/{rel}","templated":true}]}}