{"id":30445,"date":"2018-09-05T12:27:20","date_gmt":"2018-09-05T12:27:20","guid":{"rendered":""},"modified":"2018-09-05T12:27:20","modified_gmt":"2018-09-05T12:27:20","slug":"unos-12-000-dominicanos-viven-con-vih-y-no-lo-saben","status":"publish","type":"post","link":"https:\/\/sertv.gob.pa\/nacionalfm\/unos-12-000-dominicanos-viven-con-vih-y-no-lo-saben\/","title":{"rendered":"Unos 12.000 dominicanos viven con VIH y no lo saben"},"content":{"rendered":"<p>\nUnas 12.000 personas son seropositivas en la Rep\u00fablica Dominicana y no lo saben, afirm\u00f3 el director ejecutivo del Consejo Nacional para el VIH y el Sida (Conavihsida), V\u00edctor Terrero, quien pidi\u00f3 a la poblaci\u00f3n realizarse la prueba del sida. <\/p>\n<p>Terrero indic\u00f3 que, seg\u00fan las estimaciones oficiales, unas 67.000 personas viven con el virus en el pa\u00eds, pero \u00abhay una brecha de 12.000 que no conocen su estado serol\u00f3gico, y eso dificulta seriamente la efectividad de las pol\u00edticas de prevenci\u00f3n y atenci\u00f3n\u00bb, seg\u00fan un comunicado de Conavihsida.<br \/>\n\u00a0 <\/p>\n<p> EFE  <\/p>\n<p>\u00a0 <\/p>\n","protected":false},"excerpt":{"rendered":"<p>Unas 12.000 personas son seropositivas en la Rep\u00fablica Dominicana y <a href=\"https:\/\/sertv.gob.pa\/nacionalfm\/unos-12-000-dominicanos-viven-con-vih-y-no-lo-saben\/\"> [&#8230;]<\/a><\/p>\n","protected":false},"author":1,"featured_media":30446,"comment_status":"closed","ping_status":"closed","sticky":false,"template":"","format":"standard","meta":{"footnotes":""},"categories":[5],"tags":[],"class_list":["post-30445","post","type-post","status-publish","format-standard","has-post-thumbnail","hentry","category-salud"],"_links":{"self":[{"href":"https:\/\/sertv.gob.pa\/nacionalfm\/wp-json\/wp\/v2\/posts\/30445","targetHints":{"allow":["GET"]}}],"collection":[{"href":"https:\/\/sertv.gob.pa\/nacionalfm\/wp-json\/wp\/v2\/posts"}],"about":[{"href":"https:\/\/sertv.gob.pa\/nacionalfm\/wp-json\/wp\/v2\/types\/post"}],"author":[{"embeddable":true,"href":"https:\/\/sertv.gob.pa\/nacionalfm\/wp-json\/wp\/v2\/users\/1"}],"replies":[{"embeddable":true,"href":"https:\/\/sertv.gob.pa\/nacionalfm\/wp-json\/wp\/v2\/comments?post=30445"}],"version-history":[{"count":0,"href":"https:\/\/sertv.gob.pa\/nacionalfm\/wp-json\/wp\/v2\/posts\/30445\/revisions"}],"wp:featuredmedia":[{"embeddable":true,"href":"https:\/\/sertv.gob.pa\/nacionalfm\/wp-json\/wp\/v2\/media\/30446"}],"wp:attachment":[{"href":"https:\/\/sertv.gob.pa\/nacionalfm\/wp-json\/wp\/v2\/media?parent=30445"}],"wp:term":[{"taxonomy":"category","embeddable":true,"href":"https:\/\/sertv.gob.pa\/nacionalfm\/wp-json\/wp\/v2\/categories?post=30445"},{"taxonomy":"post_tag","embeddable":true,"href":"https:\/\/sertv.gob.pa\/nacionalfm\/wp-json\/wp\/v2\/tags?post=30445"}],"curies":[{"name":"wp","href":"https:\/\/api.w.org\/{rel}","templated":true}]}}