{"id":30476,"date":"2018-09-06T11:31:43","date_gmt":"2018-09-06T11:31:43","guid":{"rendered":""},"modified":"2018-09-06T11:31:43","modified_gmt":"2018-09-06T11:31:43","slug":"unos-400-casos-de-mieloma-multiple-se-reportan-al-ano","status":"publish","type":"post","link":"https:\/\/sertv.gob.pa\/nacionalfm\/unos-400-casos-de-mieloma-multiple-se-reportan-al-ano\/","title":{"rendered":"Unos 400 casos de mieloma m\u00faltiple se reportan al a\u00f1o"},"content":{"rendered":"<p>\nAlrededor de 400 nuevos casos de pacientes con mieloma m\u00faltiple se diagnostican anualmente en Chile, seg\u00fan datos aportados por la Sociedad Chilena de Hematolog\u00eda en la fecha en la que se celebra el d\u00eda mundial de ese tipo de c\u00e1ncer. Se trata de un c\u00e1ncer que afecta a la sangre y m\u00e9dula \u00f3sea, aunque la inmunoterapia aplicada por cient\u00edficos puede aumentar la esperanza de vida en pacientes con esta enfermedad. <\/p>\n<p>Hace dos d\u00e9cadas la sobrevida en pacientes con esta patolog\u00eda no superaba los cinco a\u00f1os, mientras que en la actualidad es posible acercarse a los diez a\u00f1os y con buena calidad de vida, seg\u00fan un informe al que tuvo acceso Efe. \u00abEsta realidad es significativa si se considera que este c\u00e1ncer ya no est\u00e1 asociado a pacientes de edad avanzada, pues cada d\u00eda son m\u00e1s los menores de 65 a\u00f1os que presentan la enfermedad, en alguna de sus variantes\u00bb, destaca el estudio. <\/p>\n<p>EFE <\/p>\n","protected":false},"excerpt":{"rendered":"<p>Alrededor de 400 nuevos casos de pacientes con mieloma m\u00faltiple <a href=\"https:\/\/sertv.gob.pa\/nacionalfm\/unos-400-casos-de-mieloma-multiple-se-reportan-al-ano\/\"> [&#8230;]<\/a><\/p>\n","protected":false},"author":1,"featured_media":30477,"comment_status":"closed","ping_status":"closed","sticky":false,"template":"","format":"standard","meta":{"footnotes":""},"categories":[5],"tags":[],"class_list":["post-30476","post","type-post","status-publish","format-standard","has-post-thumbnail","hentry","category-salud"],"_links":{"self":[{"href":"https:\/\/sertv.gob.pa\/nacionalfm\/wp-json\/wp\/v2\/posts\/30476","targetHints":{"allow":["GET"]}}],"collection":[{"href":"https:\/\/sertv.gob.pa\/nacionalfm\/wp-json\/wp\/v2\/posts"}],"about":[{"href":"https:\/\/sertv.gob.pa\/nacionalfm\/wp-json\/wp\/v2\/types\/post"}],"author":[{"embeddable":true,"href":"https:\/\/sertv.gob.pa\/nacionalfm\/wp-json\/wp\/v2\/users\/1"}],"replies":[{"embeddable":true,"href":"https:\/\/sertv.gob.pa\/nacionalfm\/wp-json\/wp\/v2\/comments?post=30476"}],"version-history":[{"count":0,"href":"https:\/\/sertv.gob.pa\/nacionalfm\/wp-json\/wp\/v2\/posts\/30476\/revisions"}],"wp:featuredmedia":[{"embeddable":true,"href":"https:\/\/sertv.gob.pa\/nacionalfm\/wp-json\/wp\/v2\/media\/30477"}],"wp:attachment":[{"href":"https:\/\/sertv.gob.pa\/nacionalfm\/wp-json\/wp\/v2\/media?parent=30476"}],"wp:term":[{"taxonomy":"category","embeddable":true,"href":"https:\/\/sertv.gob.pa\/nacionalfm\/wp-json\/wp\/v2\/categories?post=30476"},{"taxonomy":"post_tag","embeddable":true,"href":"https:\/\/sertv.gob.pa\/nacionalfm\/wp-json\/wp\/v2\/tags?post=30476"}],"curies":[{"name":"wp","href":"https:\/\/api.w.org\/{rel}","templated":true}]}}