{"id":30512,"date":"2018-09-07T12:38:51","date_gmt":"2018-09-07T12:38:51","guid":{"rendered":""},"modified":"2018-09-07T12:38:51","modified_gmt":"2018-09-07T12:38:51","slug":"el-ebola-llega-a-una-gran-ciudad-del-congo","status":"publish","type":"post","link":"https:\/\/sertv.gob.pa\/nacionalfm\/el-ebola-llega-a-una-gran-ciudad-del-congo\/","title":{"rendered":"El \u00e9bola llega a una gran ciudad del Congo"},"content":{"rendered":"<p>\nLa epidemia de \u00e9bola declarada el pasado 1 de agosto en el noreste de la Rep\u00fablica Democr\u00e1tica del Congo (RDC) se ha cobrado ya 85 v\u00edctimas mortales, convirti\u00e9ndose en el peor brote que ha sufrido este pa\u00eds africano en la \u00faltima d\u00e9cada, seg\u00fan la informaci\u00f3n facilitada por el Ministerio de Salud congole\u00f1o que, adem\u00e1s, ha comunicado este mi\u00e9rcoles que se ha producido el primer caso en la ciudad de Butembo, de medio mill\u00f3n de  habitantes, tradicional centro comercial con la vecina Uganda.  <\/p>\n<p>Los casos se elevan a 124 y  los contagios se siguen produciendo  con especial intensidad en la localidad de Beni donde una parte de la poblaci\u00f3n se ha negado a colaborar con las autoridades, esconde a las personas enfermas y no participa en las campa\u00f1as de vacunaci\u00f3n debido al miedo, los prejuicios y la falta de informaci\u00f3n. Las autoridades congole\u00f1as han iniciado un proceso de di\u00e1logo con las autoridades locales para tratar de combatir los rumores que circulan respecto al tratamiento y los entierros, principales focos de tensi\u00f3n con la poblaci\u00f3n. Como en otras epidemias, la Cruz Roja se encarga de gestionar las inhumaciones de manera segura, lo cual choca con las costumbres de la poblaci\u00f3n. El miedo se ha dejado notar de manera especial en la vuelta a clase esta semana, pues muchos padres han decidido no enviar a sus hijos al colegio, y en la baja asistencia de los servicios sanitarios. <\/p>\n<p>El Pa\u00eds <\/p>\n","protected":false},"excerpt":{"rendered":"<p>La epidemia de \u00e9bola declarada el pasado 1 de agosto <a href=\"https:\/\/sertv.gob.pa\/nacionalfm\/el-ebola-llega-a-una-gran-ciudad-del-congo\/\"> [&#8230;]<\/a><\/p>\n","protected":false},"author":1,"featured_media":30513,"comment_status":"closed","ping_status":"closed","sticky":false,"template":"","format":"standard","meta":{"footnotes":""},"categories":[5],"tags":[],"class_list":["post-30512","post","type-post","status-publish","format-standard","has-post-thumbnail","hentry","category-salud"],"_links":{"self":[{"href":"https:\/\/sertv.gob.pa\/nacionalfm\/wp-json\/wp\/v2\/posts\/30512","targetHints":{"allow":["GET"]}}],"collection":[{"href":"https:\/\/sertv.gob.pa\/nacionalfm\/wp-json\/wp\/v2\/posts"}],"about":[{"href":"https:\/\/sertv.gob.pa\/nacionalfm\/wp-json\/wp\/v2\/types\/post"}],"author":[{"embeddable":true,"href":"https:\/\/sertv.gob.pa\/nacionalfm\/wp-json\/wp\/v2\/users\/1"}],"replies":[{"embeddable":true,"href":"https:\/\/sertv.gob.pa\/nacionalfm\/wp-json\/wp\/v2\/comments?post=30512"}],"version-history":[{"count":0,"href":"https:\/\/sertv.gob.pa\/nacionalfm\/wp-json\/wp\/v2\/posts\/30512\/revisions"}],"wp:featuredmedia":[{"embeddable":true,"href":"https:\/\/sertv.gob.pa\/nacionalfm\/wp-json\/wp\/v2\/media\/30513"}],"wp:attachment":[{"href":"https:\/\/sertv.gob.pa\/nacionalfm\/wp-json\/wp\/v2\/media?parent=30512"}],"wp:term":[{"taxonomy":"category","embeddable":true,"href":"https:\/\/sertv.gob.pa\/nacionalfm\/wp-json\/wp\/v2\/categories?post=30512"},{"taxonomy":"post_tag","embeddable":true,"href":"https:\/\/sertv.gob.pa\/nacionalfm\/wp-json\/wp\/v2\/tags?post=30512"}],"curies":[{"name":"wp","href":"https:\/\/api.w.org\/{rel}","templated":true}]}}