{"id":30520,"date":"2018-09-07T15:28:19","date_gmt":"2018-09-07T15:28:19","guid":{"rendered":""},"modified":"2018-09-07T15:28:19","modified_gmt":"2018-09-07T15:28:19","slug":"xii-congreso-nacional-de-otorrinolaringologia-se-realiza-en-panama","status":"publish","type":"post","link":"https:\/\/sertv.gob.pa\/nacionalfm\/xii-congreso-nacional-de-otorrinolaringologia-se-realiza-en-panama\/","title":{"rendered":"\u201cXII Congreso Nacional de Otorrinolaringolog\u00eda\u201d, se realiza en Panam\u00e1"},"content":{"rendered":"<p>\nEn representaci\u00f3n del Ministerio de Salud (MINSA), el Ministro Consejero, el Dr. Tem\u00edstocles D\u00edaz, inaugur\u00f3 el \u00a0jueves, 6 de septiembre,\u00a0 el  XII Congreso Nacional de   Otorrinolaringolog\u00eda,  el cual se desarrolla en Panam\u00e1, por espacio de dos d\u00edas, en el que participan especialistas de: Italia, M\u00e9xico, Colombia, Venezuela, M\u00e9xico, Paraguay, Angola y Panam\u00e1.<br \/>\n\u00a0<br \/>\nDurante su intervenci\u00f3n, el Dr. D\u00edaz, manifest\u00f3, que en la medida que se tengan bacterias amigables, o las llamadas probi\u00f3ticas, vamos a tener una mejor salud, no solamente bucal, sino en todos los aspectos cerebral, mental y enfermedades cardiovasculares.<br \/>\nAgreg\u00f3, que una charla espec\u00edfica de esto es fascinante y saber que hay algunas bacterias o especies de microbiotas, que tienen especial protecci\u00f3n para alergias y enfermedades del tracto respiratorio superior.<br \/>\n\u00a0<br \/>\nAsimismo, recomend\u00f3, que todos los paname\u00f1os coman 25 gramos de fibras al d\u00eda y cada vez que eso se haga van a perder peso y, por ende, tendr\u00e1n un peso saludable; la flora intestinal se va a restablecer, y va a prevenir enfermedades. &ldquo;Y como se ha dicho parte de la prevenci\u00f3n de las alergias, y la prevenci\u00f3n de las infecciones respiratorias superiores es una adecuada flora intestinal, lo cual se resuelve comiendo fibras&rdquo;, adicion\u00f3 el Ministro Consejero de Salud.<br \/>\n\u00a0<br \/>\nPor otro lado, el Secretario General de Societas ORL Latina, Desiderio Passali, coment\u00f3, que en este congreso, ser\u00e1n tratados temas tan importantes y de actualidad como el de microbiota, por la implicaci\u00f3n que tienen todas las enfermedades inflamatorias y tambi\u00e9n las patolog\u00edas de la v\u00eda a\u00e9rea superior. Igualmente,\u00a0Passali revel\u00f3, que entre las enfermedades comunes son las patolog\u00edas de la v\u00eda a\u00e9rea superior (las m\u00e1s frecuentes), como el resfriado com\u00fan y puede complicarse con rinosinusitis, y puede dar problemas en otras \u00e1reas, la amigdalitis que tambi\u00e9n es m\u00e1s frecuente, as\u00ed como en los ni\u00f1os, la otitis media aguda, la otitis media cerosa, su implicaci\u00f3n en el lenguaje y en el desarrollo.<br \/>\n\u00a0<br \/>\nFinalmente, el presidente de la Sociedad Paname\u00f1a de Otorrinolaringolog\u00eda, David Corro; esclareci\u00f3, que \u00e9ste congreso va dirigido a actualizar al gremio de profesionales en esta especialidad, pues se vive una \u00e9poca de mucha transformaci\u00f3n, se ven nuevas fronteras en la especialidad, se est\u00e1 viendo la cirug\u00eda de base de cr\u00e1neo, hay avances importantes en la microbiolog\u00eda, y para mantener una mejor atenci\u00f3n a la poblaci\u00f3n se requiere estar actualizado. <\/p>\n","protected":false},"excerpt":{"rendered":"<p>En representaci\u00f3n del Ministerio de Salud (MINSA), el Ministro Consejero, <a href=\"https:\/\/sertv.gob.pa\/nacionalfm\/xii-congreso-nacional-de-otorrinolaringologia-se-realiza-en-panama\/\"> [&#8230;]<\/a><\/p>\n","protected":false},"author":1,"featured_media":30521,"comment_status":"closed","ping_status":"closed","sticky":false,"template":"","format":"standard","meta":{"footnotes":""},"categories":[5],"tags":[],"class_list":["post-30520","post","type-post","status-publish","format-standard","has-post-thumbnail","hentry","category-salud"],"_links":{"self":[{"href":"https:\/\/sertv.gob.pa\/nacionalfm\/wp-json\/wp\/v2\/posts\/30520","targetHints":{"allow":["GET"]}}],"collection":[{"href":"https:\/\/sertv.gob.pa\/nacionalfm\/wp-json\/wp\/v2\/posts"}],"about":[{"href":"https:\/\/sertv.gob.pa\/nacionalfm\/wp-json\/wp\/v2\/types\/post"}],"author":[{"embeddable":true,"href":"https:\/\/sertv.gob.pa\/nacionalfm\/wp-json\/wp\/v2\/users\/1"}],"replies":[{"embeddable":true,"href":"https:\/\/sertv.gob.pa\/nacionalfm\/wp-json\/wp\/v2\/comments?post=30520"}],"version-history":[{"count":0,"href":"https:\/\/sertv.gob.pa\/nacionalfm\/wp-json\/wp\/v2\/posts\/30520\/revisions"}],"wp:featuredmedia":[{"embeddable":true,"href":"https:\/\/sertv.gob.pa\/nacionalfm\/wp-json\/wp\/v2\/media\/30521"}],"wp:attachment":[{"href":"https:\/\/sertv.gob.pa\/nacionalfm\/wp-json\/wp\/v2\/media?parent=30520"}],"wp:term":[{"taxonomy":"category","embeddable":true,"href":"https:\/\/sertv.gob.pa\/nacionalfm\/wp-json\/wp\/v2\/categories?post=30520"},{"taxonomy":"post_tag","embeddable":true,"href":"https:\/\/sertv.gob.pa\/nacionalfm\/wp-json\/wp\/v2\/tags?post=30520"}],"curies":[{"name":"wp","href":"https:\/\/api.w.org\/{rel}","templated":true}]}}