{"id":30550,"date":"2018-09-10T12:45:13","date_gmt":"2018-09-10T12:45:13","guid":{"rendered":""},"modified":"2018-09-10T12:45:13","modified_gmt":"2018-09-10T12:45:13","slug":"aumenta-el-suicidio-en-los-jovenes","status":"publish","type":"post","link":"https:\/\/sertv.gob.pa\/nacionalfm\/aumenta-el-suicidio-en-los-jovenes\/","title":{"rendered":"Aumenta el suicidio en los j\u00f3venes"},"content":{"rendered":"<p>\nEl suicidio entre los j\u00f3venes de 15 a 29 a\u00f1os aument\u00f3 en los \u00faltimos a\u00f1os en M\u00e9xico hasta colocarse como la segunda causa de muerte en el pa\u00eds norteamericano, superada \u00fanicamente por los accidentes, indic\u00f3 un especialista. <\/p>\n<p>Seg\u00fan datos del Instituto Nacional de Estad\u00edstica y Geograf\u00eda, en 2016, se detectaron m\u00e1s de 6.285 suicidios lo que representa 5,2 muertes por cada 100.000 habitantes y un a\u00f1o antes se registraron 2.599 suicidios entre personas. <\/p>\n<p>EFE <\/p>\n","protected":false},"excerpt":{"rendered":"<p>El suicidio entre los j\u00f3venes de 15 a 29 a\u00f1os <a href=\"https:\/\/sertv.gob.pa\/nacionalfm\/aumenta-el-suicidio-en-los-jovenes\/\"> [&#8230;]<\/a><\/p>\n","protected":false},"author":1,"featured_media":30551,"comment_status":"closed","ping_status":"closed","sticky":false,"template":"","format":"standard","meta":{"footnotes":""},"categories":[5],"tags":[],"class_list":["post-30550","post","type-post","status-publish","format-standard","has-post-thumbnail","hentry","category-salud"],"_links":{"self":[{"href":"https:\/\/sertv.gob.pa\/nacionalfm\/wp-json\/wp\/v2\/posts\/30550","targetHints":{"allow":["GET"]}}],"collection":[{"href":"https:\/\/sertv.gob.pa\/nacionalfm\/wp-json\/wp\/v2\/posts"}],"about":[{"href":"https:\/\/sertv.gob.pa\/nacionalfm\/wp-json\/wp\/v2\/types\/post"}],"author":[{"embeddable":true,"href":"https:\/\/sertv.gob.pa\/nacionalfm\/wp-json\/wp\/v2\/users\/1"}],"replies":[{"embeddable":true,"href":"https:\/\/sertv.gob.pa\/nacionalfm\/wp-json\/wp\/v2\/comments?post=30550"}],"version-history":[{"count":0,"href":"https:\/\/sertv.gob.pa\/nacionalfm\/wp-json\/wp\/v2\/posts\/30550\/revisions"}],"wp:featuredmedia":[{"embeddable":true,"href":"https:\/\/sertv.gob.pa\/nacionalfm\/wp-json\/wp\/v2\/media\/30551"}],"wp:attachment":[{"href":"https:\/\/sertv.gob.pa\/nacionalfm\/wp-json\/wp\/v2\/media?parent=30550"}],"wp:term":[{"taxonomy":"category","embeddable":true,"href":"https:\/\/sertv.gob.pa\/nacionalfm\/wp-json\/wp\/v2\/categories?post=30550"},{"taxonomy":"post_tag","embeddable":true,"href":"https:\/\/sertv.gob.pa\/nacionalfm\/wp-json\/wp\/v2\/tags?post=30550"}],"curies":[{"name":"wp","href":"https:\/\/api.w.org\/{rel}","templated":true}]}}