{"id":30552,"date":"2018-09-10T13:05:50","date_gmt":"2018-09-10T13:05:50","guid":{"rendered":""},"modified":"2018-09-10T13:05:50","modified_gmt":"2018-09-10T13:05:50","slug":"alergias-por-latex","status":"publish","type":"post","link":"https:\/\/sertv.gob.pa\/nacionalfm\/alergias-por-latex\/","title":{"rendered":"Alergias por l\u00e1tex"},"content":{"rendered":"<p>\nLa alergia al l\u00e1tex puede provocar picaz\u00f3n en la piel, urticaria e incluso anafilaxia, afecci\u00f3n potencialmente mortal que puede provocar hinchaz\u00f3n en la garganta y dificultad para respirar. \u00abEs una reacci\u00f3n al\u00e9rgica como cualquier otra. Por ejemplo, a los mariscos, y a medicamentos. Sin embargo, en este caso es a un t\u00f3pico que es el l\u00e1tex\u00bb, se\u00f1ala\u00a0 \u00a0la especialista en medicina general Lilia Jou. <\/p>\n<p>Por esta raz\u00f3n, los primeros s\u00edntomas leves que indicar\u00e1n de que se es al\u00e9rgico a este material ser\u00e1n la picaz\u00f3n, enrojecimiento de la piel y urticaria o sarpullido. Por otro lado, los s\u00edntomas de consideraci\u00f3n ser\u00e1n estornudos, catarro, ojos llorosos y con picaz\u00f3n, la garganta irritada, dificultad para respirar, silbido al respirar y tos.\u00a0 En la actualidad existen medicamentos para reducir los s\u00edntomas, pero esta alergia no tiene cura, por ello la \u00fanica forma de prevenir tener una reacci\u00f3n al\u00e9rgica es evitar usar productos que lo contengan, como guantes para lavar, juguetes de caucho, globos, gafas de nataci\u00f3n, algunos tipos de alfombras, por mencionar algunos. <\/p>\n<p>\u00a0 <\/p>\n<p>\u00a0 <\/p>\n","protected":false},"excerpt":{"rendered":"<p>La alergia al l\u00e1tex puede provocar picaz\u00f3n en la piel, <a href=\"https:\/\/sertv.gob.pa\/nacionalfm\/alergias-por-latex\/\"> [&#8230;]<\/a><\/p>\n","protected":false},"author":1,"featured_media":30553,"comment_status":"closed","ping_status":"closed","sticky":false,"template":"","format":"standard","meta":{"footnotes":""},"categories":[5],"tags":[],"class_list":["post-30552","post","type-post","status-publish","format-standard","has-post-thumbnail","hentry","category-salud"],"_links":{"self":[{"href":"https:\/\/sertv.gob.pa\/nacionalfm\/wp-json\/wp\/v2\/posts\/30552","targetHints":{"allow":["GET"]}}],"collection":[{"href":"https:\/\/sertv.gob.pa\/nacionalfm\/wp-json\/wp\/v2\/posts"}],"about":[{"href":"https:\/\/sertv.gob.pa\/nacionalfm\/wp-json\/wp\/v2\/types\/post"}],"author":[{"embeddable":true,"href":"https:\/\/sertv.gob.pa\/nacionalfm\/wp-json\/wp\/v2\/users\/1"}],"replies":[{"embeddable":true,"href":"https:\/\/sertv.gob.pa\/nacionalfm\/wp-json\/wp\/v2\/comments?post=30552"}],"version-history":[{"count":0,"href":"https:\/\/sertv.gob.pa\/nacionalfm\/wp-json\/wp\/v2\/posts\/30552\/revisions"}],"wp:featuredmedia":[{"embeddable":true,"href":"https:\/\/sertv.gob.pa\/nacionalfm\/wp-json\/wp\/v2\/media\/30553"}],"wp:attachment":[{"href":"https:\/\/sertv.gob.pa\/nacionalfm\/wp-json\/wp\/v2\/media?parent=30552"}],"wp:term":[{"taxonomy":"category","embeddable":true,"href":"https:\/\/sertv.gob.pa\/nacionalfm\/wp-json\/wp\/v2\/categories?post=30552"},{"taxonomy":"post_tag","embeddable":true,"href":"https:\/\/sertv.gob.pa\/nacionalfm\/wp-json\/wp\/v2\/tags?post=30552"}],"curies":[{"name":"wp","href":"https:\/\/api.w.org\/{rel}","templated":true}]}}