{"id":30578,"date":"2018-09-10T19:26:39","date_gmt":"2018-09-10T19:26:39","guid":{"rendered":""},"modified":"2018-09-10T19:26:39","modified_gmt":"2018-09-10T19:26:39","slug":"onudi-proyecta-instaurar-un-hub-farmaceutico-en-panama","status":"publish","type":"post","link":"https:\/\/sertv.gob.pa\/nacionalfm\/onudi-proyecta-instaurar-un-hub-farmaceutico-en-panama\/","title":{"rendered":"ONUDI proyecta instaurar un \u201cHub\u201d Farmac\u00e9utico en Panam\u00e1"},"content":{"rendered":"<p>\nLa Decana de la Facultad de Farmacia, Rosa Buitrago del Rosal, en compa\u00f1\u00eda de los consultores de  La Organizaci\u00f3n de las Naciones Unidas   para el Desarrollo Industrial (ONUDI),  visit\u00f3 al Se\u00f1or Rector Doctor Eduardo Flores, a fin de presentarle el proyecto  \u00abHub Farmac\u00e9utico en   Panam\u00e1.  <\/p>\n<p>Durante esta cita, los consultores Doctores Shahid Hasan, Gerald Moncayo y Goy Navas, compartieron con el rector Eduardo Flores Castro y el doctor Drury Atencio, sobre los alcances del proyecto al cual la Universidad de Panam\u00e1 y la Facultad de Farmacia, han ofrecido su apoyo, desde sus inicios. <\/p>\n<p>En ese contexto, el rector Flores Castro, mostr\u00f3 su inter\u00e9s, en que tanto la Facultad de Farmacia como el Instituto Especializado de An\u00e1lisis, sean tomados en cuenta para tan importante gesti\u00f3n. <\/p>\n<p>Es importante destacar, que  ONUDI,  est\u00e1 interesada en establecer un programa pa\u00eds con Panam\u00e1, para el desarrollo industrial inclusivo, que contribuyan al logro de algunos de los Objetivos de Desarrollo Sostenible (ODS), como el n\u00famero nueve orientado hacia la industrializaci\u00f3n, innovaci\u00f3n e infraestructura. <\/p>\n<p>\u00a0 <\/p>\n","protected":false},"excerpt":{"rendered":"<p>La Decana de la Facultad de Farmacia, Rosa Buitrago del <a href=\"https:\/\/sertv.gob.pa\/nacionalfm\/onudi-proyecta-instaurar-un-hub-farmaceutico-en-panama\/\"> [&#8230;]<\/a><\/p>\n","protected":false},"author":1,"featured_media":30579,"comment_status":"closed","ping_status":"closed","sticky":false,"template":"","format":"standard","meta":{"footnotes":""},"categories":[2],"tags":[],"class_list":["post-30578","post","type-post","status-publish","format-standard","has-post-thumbnail","hentry","category-nacionales"],"_links":{"self":[{"href":"https:\/\/sertv.gob.pa\/nacionalfm\/wp-json\/wp\/v2\/posts\/30578","targetHints":{"allow":["GET"]}}],"collection":[{"href":"https:\/\/sertv.gob.pa\/nacionalfm\/wp-json\/wp\/v2\/posts"}],"about":[{"href":"https:\/\/sertv.gob.pa\/nacionalfm\/wp-json\/wp\/v2\/types\/post"}],"author":[{"embeddable":true,"href":"https:\/\/sertv.gob.pa\/nacionalfm\/wp-json\/wp\/v2\/users\/1"}],"replies":[{"embeddable":true,"href":"https:\/\/sertv.gob.pa\/nacionalfm\/wp-json\/wp\/v2\/comments?post=30578"}],"version-history":[{"count":0,"href":"https:\/\/sertv.gob.pa\/nacionalfm\/wp-json\/wp\/v2\/posts\/30578\/revisions"}],"wp:featuredmedia":[{"embeddable":true,"href":"https:\/\/sertv.gob.pa\/nacionalfm\/wp-json\/wp\/v2\/media\/30579"}],"wp:attachment":[{"href":"https:\/\/sertv.gob.pa\/nacionalfm\/wp-json\/wp\/v2\/media?parent=30578"}],"wp:term":[{"taxonomy":"category","embeddable":true,"href":"https:\/\/sertv.gob.pa\/nacionalfm\/wp-json\/wp\/v2\/categories?post=30578"},{"taxonomy":"post_tag","embeddable":true,"href":"https:\/\/sertv.gob.pa\/nacionalfm\/wp-json\/wp\/v2\/tags?post=30578"}],"curies":[{"name":"wp","href":"https:\/\/api.w.org\/{rel}","templated":true}]}}