{"id":30586,"date":"2018-09-11T12:46:30","date_gmt":"2018-09-11T12:46:30","guid":{"rendered":""},"modified":"2018-09-11T12:46:30","modified_gmt":"2018-09-11T12:46:30","slug":"zimbabue-declara-emergencia-por-colera-tras-muerte-de-20-personas","status":"publish","type":"post","link":"https:\/\/sertv.gob.pa\/nacionalfm\/zimbabue-declara-emergencia-por-colera-tras-muerte-de-20-personas\/","title":{"rendered":"Zimbabue declara emergencia por c\u00f3lera tras muerte de 20 personas"},"content":{"rendered":"<p>\nEl  Gobierno de Zimbabue  ha declarado la emergencia sanitaria por la epidemia de c\u00f3lera que golpea a este pa\u00eds desde el pasado 6 de septiembre y que se ha cobrado la vida de unas 20 personas s\u00f3lo en la capital, Harare. El brote se produjo por el consumo de  agua contaminada  y la cifra de casos se eleva a 2.000. La declaraci\u00f3n de emergencia implica la prohibici\u00f3n de la venta de carne y pescado en los barrios m\u00e1s afectados. &ldquo;No queremos m\u00e1s muertes&rdquo;, dijo el ministro de Sanidad, Obadiah Moyo. <\/p>\n<p>La poblaci\u00f3n de ciertos suburbios de Harare no tiene agua corriente y su consumo procede de pozos comunitarios o excavados por ellos mismos. Este brote, que llega acompa\u00f1ado con casos de fiebre tifoidea, comenz\u00f3 despu\u00e9s de que las alcantarillas de los barrios de Budiriro y Glenview se desbordaran y contaminaran los citados pozos. El Gobierno ha cerrado los puntos de agua, ha suspendido las clases en estas zonas y ha solicitado la ayuda de Naciones Unidas y de empresas privadas para el suministro de agua. En el hospital de enfermedades infecciosas de Beatrice Road se han instalado tiendas de campa\u00f1a para atender al creciente n\u00famero de enfermos. <\/p>\n<p>AFP <\/p>\n","protected":false},"excerpt":{"rendered":"<p>El Gobierno de Zimbabue ha declarado la emergencia sanitaria por <a href=\"https:\/\/sertv.gob.pa\/nacionalfm\/zimbabue-declara-emergencia-por-colera-tras-muerte-de-20-personas\/\"> [&#8230;]<\/a><\/p>\n","protected":false},"author":1,"featured_media":30587,"comment_status":"closed","ping_status":"closed","sticky":false,"template":"","format":"standard","meta":{"footnotes":""},"categories":[5],"tags":[],"class_list":["post-30586","post","type-post","status-publish","format-standard","has-post-thumbnail","hentry","category-salud"],"_links":{"self":[{"href":"https:\/\/sertv.gob.pa\/nacionalfm\/wp-json\/wp\/v2\/posts\/30586","targetHints":{"allow":["GET"]}}],"collection":[{"href":"https:\/\/sertv.gob.pa\/nacionalfm\/wp-json\/wp\/v2\/posts"}],"about":[{"href":"https:\/\/sertv.gob.pa\/nacionalfm\/wp-json\/wp\/v2\/types\/post"}],"author":[{"embeddable":true,"href":"https:\/\/sertv.gob.pa\/nacionalfm\/wp-json\/wp\/v2\/users\/1"}],"replies":[{"embeddable":true,"href":"https:\/\/sertv.gob.pa\/nacionalfm\/wp-json\/wp\/v2\/comments?post=30586"}],"version-history":[{"count":0,"href":"https:\/\/sertv.gob.pa\/nacionalfm\/wp-json\/wp\/v2\/posts\/30586\/revisions"}],"wp:featuredmedia":[{"embeddable":true,"href":"https:\/\/sertv.gob.pa\/nacionalfm\/wp-json\/wp\/v2\/media\/30587"}],"wp:attachment":[{"href":"https:\/\/sertv.gob.pa\/nacionalfm\/wp-json\/wp\/v2\/media?parent=30586"}],"wp:term":[{"taxonomy":"category","embeddable":true,"href":"https:\/\/sertv.gob.pa\/nacionalfm\/wp-json\/wp\/v2\/categories?post=30586"},{"taxonomy":"post_tag","embeddable":true,"href":"https:\/\/sertv.gob.pa\/nacionalfm\/wp-json\/wp\/v2\/tags?post=30586"}],"curies":[{"name":"wp","href":"https:\/\/api.w.org\/{rel}","templated":true}]}}