{"id":3061,"date":"2014-12-11T05:00:00","date_gmt":"2014-12-11T05:00:00","guid":{"rendered":""},"modified":"2014-12-11T05:00:00","modified_gmt":"2014-12-11T05:00:00","slug":"nuevo-hospital-de-veraguas-sera-entregado-en-2015","status":"publish","type":"post","link":"https:\/\/sertv.gob.pa\/nacionalfm\/nuevo-hospital-de-veraguas-sera-entregado-en-2015\/","title":{"rendered":"Nuevo hospital de Veraguas ser\u00e1 entregado en 2015"},"content":{"rendered":"<p>\nEl proyecto que se construye bajo la modalidad de &ldquo;llave en mano&rdquo; deb\u00eda ser entregado en enero pasado, pero una serie de retrasos hizo que el Ministerio de Salud (Minsa) anunciara que la misma ser\u00eda en diciembre de 2014, pero ahora se pospone nuevamente. <\/p>\n<p>Germ\u00e1n Sol\u00eds, director regional del Minsa en Veraguas, dio a conocer que la obra se halla casi en un 100 por ciento, \u00fanicamente se est\u00e1n afinando detalles como las pruebas de equipos y la capacitaci\u00f3n del personal, por lo que se estima que pudiera ser recibida entre marzo y abril del pr\u00f3ximo a\u00f1o. <\/p>\n<p>Sol\u00eds agreg\u00f3 que cuando se hizo la inauguraci\u00f3n del hospital en mayo pasado, todav\u00eda no estaba terminado, pero ahora que est\u00e1 concluido se est\u00e1n tomando todas las precauciones antes de iniciar a utilizarlo. <\/p>\n<p>Igualmente indic\u00f3 que el personal debe estar debidamente entrenado para usar los equipos de \u00faltima generaci\u00f3n que tendr\u00e1 el &ldquo;Chicho&rdquo; F\u00e1brega. <\/p>\n<p>\u00a0 <\/p>\n","protected":false},"excerpt":{"rendered":"<p>El proyecto que se construye bajo la modalidad de &ldquo;llave <a href=\"https:\/\/sertv.gob.pa\/nacionalfm\/nuevo-hospital-de-veraguas-sera-entregado-en-2015\/\"> [&#8230;]<\/a><\/p>\n","protected":false},"author":1,"featured_media":3062,"comment_status":"closed","ping_status":"closed","sticky":false,"template":"","format":"standard","meta":{"footnotes":""},"categories":[5],"tags":[],"class_list":["post-3061","post","type-post","status-publish","format-standard","has-post-thumbnail","hentry","category-salud"],"_links":{"self":[{"href":"https:\/\/sertv.gob.pa\/nacionalfm\/wp-json\/wp\/v2\/posts\/3061","targetHints":{"allow":["GET"]}}],"collection":[{"href":"https:\/\/sertv.gob.pa\/nacionalfm\/wp-json\/wp\/v2\/posts"}],"about":[{"href":"https:\/\/sertv.gob.pa\/nacionalfm\/wp-json\/wp\/v2\/types\/post"}],"author":[{"embeddable":true,"href":"https:\/\/sertv.gob.pa\/nacionalfm\/wp-json\/wp\/v2\/users\/1"}],"replies":[{"embeddable":true,"href":"https:\/\/sertv.gob.pa\/nacionalfm\/wp-json\/wp\/v2\/comments?post=3061"}],"version-history":[{"count":0,"href":"https:\/\/sertv.gob.pa\/nacionalfm\/wp-json\/wp\/v2\/posts\/3061\/revisions"}],"wp:featuredmedia":[{"embeddable":true,"href":"https:\/\/sertv.gob.pa\/nacionalfm\/wp-json\/wp\/v2\/media\/3062"}],"wp:attachment":[{"href":"https:\/\/sertv.gob.pa\/nacionalfm\/wp-json\/wp\/v2\/media?parent=3061"}],"wp:term":[{"taxonomy":"category","embeddable":true,"href":"https:\/\/sertv.gob.pa\/nacionalfm\/wp-json\/wp\/v2\/categories?post=3061"},{"taxonomy":"post_tag","embeddable":true,"href":"https:\/\/sertv.gob.pa\/nacionalfm\/wp-json\/wp\/v2\/tags?post=3061"}],"curies":[{"name":"wp","href":"https:\/\/api.w.org\/{rel}","templated":true}]}}