{"id":30612,"date":"2018-09-12T13:28:22","date_gmt":"2018-09-12T13:28:22","guid":{"rendered":""},"modified":"2018-09-12T13:28:22","modified_gmt":"2018-09-12T13:28:22","slug":"la-leche-entera-relacionada-con-una-menor-mortalidad","status":"publish","type":"post","link":"https:\/\/sertv.gob.pa\/nacionalfm\/la-leche-entera-relacionada-con-una-menor-mortalidad\/","title":{"rendered":"La leche entera, relacionada con una menor mortalidad"},"content":{"rendered":"<p>\nTomar tres raciones o m\u00e1s de leche y productos l\u00e1cteos al d\u00eda est\u00e1 relacionado con menos  problemas cardiovasculares  y una menor mortalidad. El efecto parece m\u00e1s acusado entre los que toman la leche o el yogur enteros. Esta es la conclusi\u00f3n de un estudio de los h\u00e1bitos alimenticios de m\u00e1s de 100.000 personas de una veintena de pa\u00edses. A pesar de estos resultados, cient\u00edficos y m\u00e9dicos creen prematuro dejar de seguir las recomendaciones oficiales de minimizar el consumo de derivados l\u00e1cteos con toda su grasa. <\/p>\n<p>Desde hace tiempo, las autoridades sanitarias y expertos en nutrici\u00f3n han apostado por el consumo de leche y sus derivados en sus versiones  semi  o completamente desnatada. Lo justifican con el argumento de que los productos l\u00e1cteos enteros son una gran fuente de grasas saturadas, elementos relacionados con el aumento de los l\u00edpidos en la sangre, como el colesterol. Esta elevaci\u00f3n de niveles aparece conectada con diversas enfermedades cardiovasculares, la principal causa de mortandad entre los humanos. Ahora, uno de los mayores estudios realizados hasta la fecha viene a cuestionar aquellas recomendaciones mostrando una conexi\u00f3n entre leche, en particular entera, y buena salud del coraz\u00f3n. <\/p>\n<p>El Pa\u00eds <\/p>\n","protected":false},"excerpt":{"rendered":"<p>Tomar tres raciones o m\u00e1s de leche y productos l\u00e1cteos <a href=\"https:\/\/sertv.gob.pa\/nacionalfm\/la-leche-entera-relacionada-con-una-menor-mortalidad\/\"> [&#8230;]<\/a><\/p>\n","protected":false},"author":1,"featured_media":30613,"comment_status":"closed","ping_status":"closed","sticky":false,"template":"","format":"standard","meta":{"footnotes":""},"categories":[5],"tags":[],"class_list":["post-30612","post","type-post","status-publish","format-standard","has-post-thumbnail","hentry","category-salud"],"_links":{"self":[{"href":"https:\/\/sertv.gob.pa\/nacionalfm\/wp-json\/wp\/v2\/posts\/30612","targetHints":{"allow":["GET"]}}],"collection":[{"href":"https:\/\/sertv.gob.pa\/nacionalfm\/wp-json\/wp\/v2\/posts"}],"about":[{"href":"https:\/\/sertv.gob.pa\/nacionalfm\/wp-json\/wp\/v2\/types\/post"}],"author":[{"embeddable":true,"href":"https:\/\/sertv.gob.pa\/nacionalfm\/wp-json\/wp\/v2\/users\/1"}],"replies":[{"embeddable":true,"href":"https:\/\/sertv.gob.pa\/nacionalfm\/wp-json\/wp\/v2\/comments?post=30612"}],"version-history":[{"count":0,"href":"https:\/\/sertv.gob.pa\/nacionalfm\/wp-json\/wp\/v2\/posts\/30612\/revisions"}],"wp:featuredmedia":[{"embeddable":true,"href":"https:\/\/sertv.gob.pa\/nacionalfm\/wp-json\/wp\/v2\/media\/30613"}],"wp:attachment":[{"href":"https:\/\/sertv.gob.pa\/nacionalfm\/wp-json\/wp\/v2\/media?parent=30612"}],"wp:term":[{"taxonomy":"category","embeddable":true,"href":"https:\/\/sertv.gob.pa\/nacionalfm\/wp-json\/wp\/v2\/categories?post=30612"},{"taxonomy":"post_tag","embeddable":true,"href":"https:\/\/sertv.gob.pa\/nacionalfm\/wp-json\/wp\/v2\/tags?post=30612"}],"curies":[{"name":"wp","href":"https:\/\/api.w.org\/{rel}","templated":true}]}}