{"id":3065,"date":"2014-12-11T05:00:00","date_gmt":"2014-12-11T05:00:00","guid":{"rendered":""},"modified":"2014-12-11T05:00:00","modified_gmt":"2014-12-11T05:00:00","slug":"43-investigaciones-por-abortos-provocados-intencionalmente","status":"publish","type":"post","link":"https:\/\/sertv.gob.pa\/nacionalfm\/43-investigaciones-por-abortos-provocados-intencionalmente\/","title":{"rendered":"43 investigaciones por abortos provocados intencionalmente"},"content":{"rendered":"<p>\nEl Ministerio P\u00fablico abri\u00f3 43 investigaciones por abortos\u00a0provocados en los seis primeros meses del a\u00f1o. <\/p>\n<p>La informaci\u00f3n fue divulgada por el Ministerio de Econom\u00eda y Finanzas (MEF) en un documento titulado\u00a0  Informe Econ\u00f3mico y Social julio 2014,  un compendio de cifras de aspectos sanitarios, financieros y de seguridad, entre otros t\u00f3picos. <\/p>\n<p>De acuerdo al C\u00f3digo Penal, las mujeres que deliberadamente aborten incurren en un delito contra la vida humana que es sancionado con prisi\u00f3n de uno a tres a\u00f1os. <\/p>\n<p>Las penas para las personas que ayuden a provocar estos abortos\u00a0es todav\u00eda mayor: hasta seis a\u00f1os de c\u00e1rcel. <\/p>\n<p>Los 43 casos investigados representan un incremento de 28% en relaci\u00f3n\u00a0a los 33 registrados en el mismo periodo del a\u00f1o pasado. <\/p>\n<p>\u00a0 <\/p>\n<p>\u00a0 <\/p>\n","protected":false},"excerpt":{"rendered":"<p>El Ministerio P\u00fablico abri\u00f3 43 investigaciones por abortos\u00a0provocados en los <a href=\"https:\/\/sertv.gob.pa\/nacionalfm\/43-investigaciones-por-abortos-provocados-intencionalmente\/\"> [&#8230;]<\/a><\/p>\n","protected":false},"author":1,"featured_media":3066,"comment_status":"closed","ping_status":"closed","sticky":false,"template":"","format":"standard","meta":{"footnotes":""},"categories":[5],"tags":[],"class_list":["post-3065","post","type-post","status-publish","format-standard","has-post-thumbnail","hentry","category-salud"],"_links":{"self":[{"href":"https:\/\/sertv.gob.pa\/nacionalfm\/wp-json\/wp\/v2\/posts\/3065","targetHints":{"allow":["GET"]}}],"collection":[{"href":"https:\/\/sertv.gob.pa\/nacionalfm\/wp-json\/wp\/v2\/posts"}],"about":[{"href":"https:\/\/sertv.gob.pa\/nacionalfm\/wp-json\/wp\/v2\/types\/post"}],"author":[{"embeddable":true,"href":"https:\/\/sertv.gob.pa\/nacionalfm\/wp-json\/wp\/v2\/users\/1"}],"replies":[{"embeddable":true,"href":"https:\/\/sertv.gob.pa\/nacionalfm\/wp-json\/wp\/v2\/comments?post=3065"}],"version-history":[{"count":0,"href":"https:\/\/sertv.gob.pa\/nacionalfm\/wp-json\/wp\/v2\/posts\/3065\/revisions"}],"wp:featuredmedia":[{"embeddable":true,"href":"https:\/\/sertv.gob.pa\/nacionalfm\/wp-json\/wp\/v2\/media\/3066"}],"wp:attachment":[{"href":"https:\/\/sertv.gob.pa\/nacionalfm\/wp-json\/wp\/v2\/media?parent=3065"}],"wp:term":[{"taxonomy":"category","embeddable":true,"href":"https:\/\/sertv.gob.pa\/nacionalfm\/wp-json\/wp\/v2\/categories?post=3065"},{"taxonomy":"post_tag","embeddable":true,"href":"https:\/\/sertv.gob.pa\/nacionalfm\/wp-json\/wp\/v2\/tags?post=3065"}],"curies":[{"name":"wp","href":"https:\/\/api.w.org\/{rel}","templated":true}]}}