{"id":30664,"date":"2018-09-14T11:10:29","date_gmt":"2018-09-14T11:10:29","guid":{"rendered":""},"modified":"2018-09-14T11:10:29","modified_gmt":"2018-09-14T11:10:29","slug":"eu-declara-epidemia-por-uso-de-cigarrillos-electronicos","status":"publish","type":"post","link":"https:\/\/sertv.gob.pa\/nacionalfm\/eu-declara-epidemia-por-uso-de-cigarrillos-electronicos\/","title":{"rendered":"EU declara \u00abepidemia\u00bb por uso de cigarrillos electr\u00f3nicos"},"content":{"rendered":"<p>\nLa Agencia Federal de Alimentos y F\u00e1rmacos (FDA, en ingl\u00e9s) alert\u00f3 este 12 de septiembre de 2018 que el consumo de cigarrillos electr\u00f3nicos entre adolescentes ha alcanzado \u00abuna proporci\u00f3n epid\u00e9mica\u00bb, y anunci\u00f3 diversas medidas para limitar su acceso. \u00a0\u00abVemos claras se\u00f1ales de que el uso de cigarrillos electr\u00f3nicos entre los j\u00f3venes ha alcanzado una proporci\u00f3n epid\u00e9mica\u00bb, explic\u00f3 Scott Gottlieb, director de la FDA en un comunicado. Gottlieb subray\u00f3 que no se puede permitir \u00abque una nueva generaci\u00f3n se vuelva adicta a la nicotina\u00bb. <\/p>\n<p>La agencia federal dio 60 d\u00edas a los cinco principales productores de cigarrillos electr\u00f3nicos (Juul, Vuse, MarkTen XL, Blu and Logic 60) para que presenten propuestas \u00abs\u00f3lidas\u00bb destinadas a prevenir el consumo de los cigarrillos electr\u00f3nicos entre j\u00f3venes. De no concretarse estos planes, la FDA prohibir\u00e1 la venta de este tipo de cigarrillos, seg\u00fan anunci\u00f3. Asimismo, anunci\u00f3 que emprender\u00e1n acciones dirigidas a impedir la venta de cigarrillos electr\u00f3nicos a menores de edad en las tiendas. <\/p>\n<p>EFE <\/p>\n","protected":false},"excerpt":{"rendered":"<p>La Agencia Federal de Alimentos y F\u00e1rmacos (FDA, en ingl\u00e9s) <a href=\"https:\/\/sertv.gob.pa\/nacionalfm\/eu-declara-epidemia-por-uso-de-cigarrillos-electronicos\/\"> [&#8230;]<\/a><\/p>\n","protected":false},"author":1,"featured_media":30665,"comment_status":"closed","ping_status":"closed","sticky":false,"template":"","format":"standard","meta":{"footnotes":""},"categories":[5],"tags":[],"class_list":["post-30664","post","type-post","status-publish","format-standard","has-post-thumbnail","hentry","category-salud"],"_links":{"self":[{"href":"https:\/\/sertv.gob.pa\/nacionalfm\/wp-json\/wp\/v2\/posts\/30664","targetHints":{"allow":["GET"]}}],"collection":[{"href":"https:\/\/sertv.gob.pa\/nacionalfm\/wp-json\/wp\/v2\/posts"}],"about":[{"href":"https:\/\/sertv.gob.pa\/nacionalfm\/wp-json\/wp\/v2\/types\/post"}],"author":[{"embeddable":true,"href":"https:\/\/sertv.gob.pa\/nacionalfm\/wp-json\/wp\/v2\/users\/1"}],"replies":[{"embeddable":true,"href":"https:\/\/sertv.gob.pa\/nacionalfm\/wp-json\/wp\/v2\/comments?post=30664"}],"version-history":[{"count":0,"href":"https:\/\/sertv.gob.pa\/nacionalfm\/wp-json\/wp\/v2\/posts\/30664\/revisions"}],"wp:featuredmedia":[{"embeddable":true,"href":"https:\/\/sertv.gob.pa\/nacionalfm\/wp-json\/wp\/v2\/media\/30665"}],"wp:attachment":[{"href":"https:\/\/sertv.gob.pa\/nacionalfm\/wp-json\/wp\/v2\/media?parent=30664"}],"wp:term":[{"taxonomy":"category","embeddable":true,"href":"https:\/\/sertv.gob.pa\/nacionalfm\/wp-json\/wp\/v2\/categories?post=30664"},{"taxonomy":"post_tag","embeddable":true,"href":"https:\/\/sertv.gob.pa\/nacionalfm\/wp-json\/wp\/v2\/tags?post=30664"}],"curies":[{"name":"wp","href":"https:\/\/api.w.org\/{rel}","templated":true}]}}