{"id":30666,"date":"2018-09-14T11:46:24","date_gmt":"2018-09-14T11:46:24","guid":{"rendered":""},"modified":"2018-09-14T11:46:24","modified_gmt":"2018-09-14T11:46:24","slug":"el-cancer-progresa-de-forma-alarmante-en-el-mundo-segun-oms","status":"publish","type":"post","link":"https:\/\/sertv.gob.pa\/nacionalfm\/el-cancer-progresa-de-forma-alarmante-en-el-mundo-segun-oms\/","title":{"rendered":"El c\u00e1ncer progresa de forma \u00abalarmante\u00bb en el mundo, seg\u00fan OMS"},"content":{"rendered":"<p>\nUn hombre de cada 5 y una mujer de cada 6 en el mundo desarrollar\u00e1 un c\u00e1ncer durante su vida, mientras que uno de cada 8 hombres y una de cada 11 mujeres morir\u00e1 de esta enfermedad, seg\u00fan cifras presentadas este mi\u00e9rcoles. \u00a0El c\u00e1ncer contin\u00faa progresando de forma \u00abalarmante\u00bb en el mundo, con 18,1 millones de nuevos casos y 9,6 millones de decesos estimados en 2018, seg\u00fan los datos publicados por el Centro Internacional de Investigaci\u00f3n sobre el C\u00e1ncer (IARC, por sus siglas en ingl\u00e9s), que depende de la OMS. <\/p>\n<p>En comparaci\u00f3n, en 2012, cuando no se ten\u00edan en cuenta los c\u00e1nceres cut\u00e1neos excepto el melanoma, se detectaron 14 millones de nuevos casos (17 millones en 2018 si tambi\u00e9n se excluyen estos tipos). El c\u00e1ncer de pulm\u00f3n es de lejos el m\u00e1s mort\u00edfero, con 1,8 millones de muertes previstas este a\u00f1o en el mundo (18,4% del total), por delante del c\u00e1ncer colorectal (881.000 decesos, 9,2 % del total), del de est\u00f3mago (783.000) y del de h\u00edgado (782.000), seg\u00fan cifras establecidas para 36 tipos de c\u00e1ncer en 185 pa\u00edses. <\/p>\n<p>AFP <\/p>\n<p>\u00a0 <\/p>\n<p>\u00a0 <\/p>\n<p>\u00a0 <\/p>\n","protected":false},"excerpt":{"rendered":"<p>Un hombre de cada 5 y una mujer de cada <a href=\"https:\/\/sertv.gob.pa\/nacionalfm\/el-cancer-progresa-de-forma-alarmante-en-el-mundo-segun-oms\/\"> [&#8230;]<\/a><\/p>\n","protected":false},"author":1,"featured_media":30667,"comment_status":"closed","ping_status":"closed","sticky":false,"template":"","format":"standard","meta":{"footnotes":""},"categories":[5],"tags":[],"class_list":["post-30666","post","type-post","status-publish","format-standard","has-post-thumbnail","hentry","category-salud"],"_links":{"self":[{"href":"https:\/\/sertv.gob.pa\/nacionalfm\/wp-json\/wp\/v2\/posts\/30666","targetHints":{"allow":["GET"]}}],"collection":[{"href":"https:\/\/sertv.gob.pa\/nacionalfm\/wp-json\/wp\/v2\/posts"}],"about":[{"href":"https:\/\/sertv.gob.pa\/nacionalfm\/wp-json\/wp\/v2\/types\/post"}],"author":[{"embeddable":true,"href":"https:\/\/sertv.gob.pa\/nacionalfm\/wp-json\/wp\/v2\/users\/1"}],"replies":[{"embeddable":true,"href":"https:\/\/sertv.gob.pa\/nacionalfm\/wp-json\/wp\/v2\/comments?post=30666"}],"version-history":[{"count":0,"href":"https:\/\/sertv.gob.pa\/nacionalfm\/wp-json\/wp\/v2\/posts\/30666\/revisions"}],"wp:featuredmedia":[{"embeddable":true,"href":"https:\/\/sertv.gob.pa\/nacionalfm\/wp-json\/wp\/v2\/media\/30667"}],"wp:attachment":[{"href":"https:\/\/sertv.gob.pa\/nacionalfm\/wp-json\/wp\/v2\/media?parent=30666"}],"wp:term":[{"taxonomy":"category","embeddable":true,"href":"https:\/\/sertv.gob.pa\/nacionalfm\/wp-json\/wp\/v2\/categories?post=30666"},{"taxonomy":"post_tag","embeddable":true,"href":"https:\/\/sertv.gob.pa\/nacionalfm\/wp-json\/wp\/v2\/tags?post=30666"}],"curies":[{"name":"wp","href":"https:\/\/api.w.org\/{rel}","templated":true}]}}