{"id":30698,"date":"2018-09-17T11:06:01","date_gmt":"2018-09-17T11:06:01","guid":{"rendered":""},"modified":"2018-09-17T11:06:01","modified_gmt":"2018-09-17T11:06:01","slug":"unos-56-ninos-panamenos-seran-operados-del-corazon-en-colombia","status":"publish","type":"post","link":"https:\/\/sertv.gob.pa\/nacionalfm\/unos-56-ninos-panamenos-seran-operados-del-corazon-en-colombia\/","title":{"rendered":"Unos 56 ni\u00f1os paname\u00f1os ser\u00e1n operados del coraz\u00f3n en Colombia"},"content":{"rendered":"<p>\nEl Ministerio de Salud dijo que las cirug\u00edas de coraz\u00f3n seguir\u00e1n realiz\u00e1ndose en el exterior mientras que Panam\u00e1 prepara el recurso humano. El Gobierno de Panam\u00e1 inform\u00f3 que inici\u00f3 los tr\u00e1mites para que 56 ni\u00f1os de entre 3 meses y 13 a\u00f1os sean sometidos a cirug\u00edas del coraz\u00f3n en la Fundaci\u00f3n Cardioinfantil de Bogot\u00e1, Colombia. <\/p>\n<p>Las intervenciones quir\u00fargicas, que no pueden realizarse en Panam\u00e1 por falta de personal calificado, ser\u00e1n posibles gracias a un convenio suscrito entre el Ministerio de Salud (Minsa) y el Hospital del Ni\u00f1o de Panam\u00e1 y la Fundaci\u00f3n colombiana. En las pr\u00f3ximas semanas los ni\u00f1os que requieren las cirug\u00edas viajar\u00e1n a Colombia, y las operaciones ser\u00e1n programadas seg\u00fan sea la prioridad y la capacidad que tenga la Fundaci\u00f3n de recibir a los ni\u00f1os, estim\u00e1ndose que por mes viajar\u00e1n de 3 a 5 pacientes, indic\u00f3 el Ministerio de Salud en una declaraci\u00f3n p\u00fablica. <\/p>\n<p>EFE <\/p>\n","protected":false},"excerpt":{"rendered":"<p>El Ministerio de Salud dijo que las cirug\u00edas de coraz\u00f3n <a href=\"https:\/\/sertv.gob.pa\/nacionalfm\/unos-56-ninos-panamenos-seran-operados-del-corazon-en-colombia\/\"> [&#8230;]<\/a><\/p>\n","protected":false},"author":1,"featured_media":30699,"comment_status":"closed","ping_status":"closed","sticky":false,"template":"","format":"standard","meta":{"footnotes":""},"categories":[5],"tags":[],"class_list":["post-30698","post","type-post","status-publish","format-standard","has-post-thumbnail","hentry","category-salud"],"_links":{"self":[{"href":"https:\/\/sertv.gob.pa\/nacionalfm\/wp-json\/wp\/v2\/posts\/30698","targetHints":{"allow":["GET"]}}],"collection":[{"href":"https:\/\/sertv.gob.pa\/nacionalfm\/wp-json\/wp\/v2\/posts"}],"about":[{"href":"https:\/\/sertv.gob.pa\/nacionalfm\/wp-json\/wp\/v2\/types\/post"}],"author":[{"embeddable":true,"href":"https:\/\/sertv.gob.pa\/nacionalfm\/wp-json\/wp\/v2\/users\/1"}],"replies":[{"embeddable":true,"href":"https:\/\/sertv.gob.pa\/nacionalfm\/wp-json\/wp\/v2\/comments?post=30698"}],"version-history":[{"count":0,"href":"https:\/\/sertv.gob.pa\/nacionalfm\/wp-json\/wp\/v2\/posts\/30698\/revisions"}],"wp:featuredmedia":[{"embeddable":true,"href":"https:\/\/sertv.gob.pa\/nacionalfm\/wp-json\/wp\/v2\/media\/30699"}],"wp:attachment":[{"href":"https:\/\/sertv.gob.pa\/nacionalfm\/wp-json\/wp\/v2\/media?parent=30698"}],"wp:term":[{"taxonomy":"category","embeddable":true,"href":"https:\/\/sertv.gob.pa\/nacionalfm\/wp-json\/wp\/v2\/categories?post=30698"},{"taxonomy":"post_tag","embeddable":true,"href":"https:\/\/sertv.gob.pa\/nacionalfm\/wp-json\/wp\/v2\/tags?post=30698"}],"curies":[{"name":"wp","href":"https:\/\/api.w.org\/{rel}","templated":true}]}}