{"id":30700,"date":"2018-09-17T11:14:00","date_gmt":"2018-09-17T11:14:00","guid":{"rendered":""},"modified":"2018-09-17T11:14:00","modified_gmt":"2018-09-17T11:14:00","slug":"oms-alerta-de-rapida-expansion-de-casos-de-colera-en-zimbabue","status":"publish","type":"post","link":"https:\/\/sertv.gob.pa\/nacionalfm\/oms-alerta-de-rapida-expansion-de-casos-de-colera-en-zimbabue\/","title":{"rendered":"OMS alerta de r\u00e1pida expansi\u00f3n de casos de c\u00f3lera en Zimbabue"},"content":{"rendered":"<p>\nEl n\u00famero de casos sospechosos de c\u00f3lera en Zimbabue asciende a m\u00e1s de 4.000 personas, seg\u00fan inform\u00f3 la Organizaci\u00f3n Mundial de la Salud (OMS), que advirti\u00f3 de la r\u00e1pida expansi\u00f3n de la enfermedad. \u00abSe est\u00e1n registrando entre 400 y 700 casos por d\u00eda. Son muchos y es un dato muy relevante teniendo en cuenta que en Harare viven dos millones de personas\u00bb, advirti\u00f3 en rueda de prensa Christian Lindmeier, portavoz de la OMS. <\/p>\n<p>Aunque en un principio la enfermedad solo se detect\u00f3 en la capital, Harare, los \u00faltimos informes revelan que tambi\u00e9n ha afectado a la cercana localidad de Chitungwiza y que se han registrado casos aislados en cinco de las diez provincias de esa naci\u00f3n del \u00c1frica austral. Las autoridades informaron del brote el 6 de septiembre y el d\u00eda 11 declararon el estado de emergencia. La OMS ha enviado a Zimbabue expertos epidemi\u00f3logos y especialistas para organizar una campa\u00f1a de vacunaci\u00f3n, adem\u00e1s de mandar kits con material de rehidrataci\u00f3n y antibi\u00f3ticos para tratar a los pacientes. Lindmeier explic\u00f3 que si bien se est\u00e1 organizando la campa\u00f1a de vacunaci\u00f3n, lo m\u00e1s importante es centrarse en mejorar las condiciones de higiene y saneamiento, origen del brote. <\/p>\n<p>EFE <\/p>\n<p>\u00a0 <\/p>\n","protected":false},"excerpt":{"rendered":"<p>El n\u00famero de casos sospechosos de c\u00f3lera en Zimbabue asciende <a href=\"https:\/\/sertv.gob.pa\/nacionalfm\/oms-alerta-de-rapida-expansion-de-casos-de-colera-en-zimbabue\/\"> [&#8230;]<\/a><\/p>\n","protected":false},"author":1,"featured_media":30701,"comment_status":"closed","ping_status":"closed","sticky":false,"template":"","format":"standard","meta":{"footnotes":""},"categories":[5],"tags":[],"class_list":["post-30700","post","type-post","status-publish","format-standard","has-post-thumbnail","hentry","category-salud"],"_links":{"self":[{"href":"https:\/\/sertv.gob.pa\/nacionalfm\/wp-json\/wp\/v2\/posts\/30700","targetHints":{"allow":["GET"]}}],"collection":[{"href":"https:\/\/sertv.gob.pa\/nacionalfm\/wp-json\/wp\/v2\/posts"}],"about":[{"href":"https:\/\/sertv.gob.pa\/nacionalfm\/wp-json\/wp\/v2\/types\/post"}],"author":[{"embeddable":true,"href":"https:\/\/sertv.gob.pa\/nacionalfm\/wp-json\/wp\/v2\/users\/1"}],"replies":[{"embeddable":true,"href":"https:\/\/sertv.gob.pa\/nacionalfm\/wp-json\/wp\/v2\/comments?post=30700"}],"version-history":[{"count":0,"href":"https:\/\/sertv.gob.pa\/nacionalfm\/wp-json\/wp\/v2\/posts\/30700\/revisions"}],"wp:featuredmedia":[{"embeddable":true,"href":"https:\/\/sertv.gob.pa\/nacionalfm\/wp-json\/wp\/v2\/media\/30701"}],"wp:attachment":[{"href":"https:\/\/sertv.gob.pa\/nacionalfm\/wp-json\/wp\/v2\/media?parent=30700"}],"wp:term":[{"taxonomy":"category","embeddable":true,"href":"https:\/\/sertv.gob.pa\/nacionalfm\/wp-json\/wp\/v2\/categories?post=30700"},{"taxonomy":"post_tag","embeddable":true,"href":"https:\/\/sertv.gob.pa\/nacionalfm\/wp-json\/wp\/v2\/tags?post=30700"}],"curies":[{"name":"wp","href":"https:\/\/api.w.org\/{rel}","templated":true}]}}