{"id":30756,"date":"2018-09-18T19:38:07","date_gmt":"2018-09-18T19:38:07","guid":{"rendered":""},"modified":"2018-09-18T19:38:07","modified_gmt":"2018-09-18T19:38:07","slug":"instalan-equipos-de-aire-acondicionado-en-ciudad-de-la-salud","status":"publish","type":"post","link":"https:\/\/sertv.gob.pa\/nacionalfm\/instalan-equipos-de-aire-acondicionado-en-ciudad-de-la-salud\/","title":{"rendered":"Instalan equipos de aire acondicionado en \u201cCiudad de la Salud\u201d"},"content":{"rendered":"<p>\n Cuatro equipos de enfriamiento de l\u00edquido (Chiller),  llegaron al proyecto  Ciudad de la Salud , que se emplear\u00e1n para la generaci\u00f3n del agua helada que climatizar\u00e1 todo el proyecto hospitalario. Cada equipo de enfriamiento, est\u00e1 compuesto por 3 mil 499 kilowatt un equivalente a 995 toneladas de refrigeraci\u00f3n que alimentar\u00e1 cada torre de la mega obra, advirti\u00f3 el Ing. Israel Gonz\u00e1lez, director ejecutivo nacional de Infraestructura y Servicio de Apoyo de la CSS. <\/p>\n<p>Enfatiz\u00f3 Gonz\u00e1lez, que el edificio industrial funciona para todo el complejo estructural en las diferentes fases. Adem\u00e1s los equipos se incorporar\u00e1n en su totalidad seg\u00fan las fases establecidas. <\/p>\n<p>De igual forma, est\u00e1n llegando otros equipos como los de sistema contra incendio, los de calderas, siendo estos claves para el funcionamiento de los edificios de la Ciudad Hospitalaria, comunic\u00f3, el Ing. Gonz\u00e1lez. <\/p>\n","protected":false},"excerpt":{"rendered":"<p>Cuatro equipos de enfriamiento de l\u00edquido (Chiller), llegaron al proyecto <a href=\"https:\/\/sertv.gob.pa\/nacionalfm\/instalan-equipos-de-aire-acondicionado-en-ciudad-de-la-salud\/\"> [&#8230;]<\/a><\/p>\n","protected":false},"author":1,"featured_media":30757,"comment_status":"closed","ping_status":"closed","sticky":false,"template":"","format":"standard","meta":{"footnotes":""},"categories":[2],"tags":[],"class_list":["post-30756","post","type-post","status-publish","format-standard","has-post-thumbnail","hentry","category-nacionales"],"_links":{"self":[{"href":"https:\/\/sertv.gob.pa\/nacionalfm\/wp-json\/wp\/v2\/posts\/30756","targetHints":{"allow":["GET"]}}],"collection":[{"href":"https:\/\/sertv.gob.pa\/nacionalfm\/wp-json\/wp\/v2\/posts"}],"about":[{"href":"https:\/\/sertv.gob.pa\/nacionalfm\/wp-json\/wp\/v2\/types\/post"}],"author":[{"embeddable":true,"href":"https:\/\/sertv.gob.pa\/nacionalfm\/wp-json\/wp\/v2\/users\/1"}],"replies":[{"embeddable":true,"href":"https:\/\/sertv.gob.pa\/nacionalfm\/wp-json\/wp\/v2\/comments?post=30756"}],"version-history":[{"count":0,"href":"https:\/\/sertv.gob.pa\/nacionalfm\/wp-json\/wp\/v2\/posts\/30756\/revisions"}],"wp:featuredmedia":[{"embeddable":true,"href":"https:\/\/sertv.gob.pa\/nacionalfm\/wp-json\/wp\/v2\/media\/30757"}],"wp:attachment":[{"href":"https:\/\/sertv.gob.pa\/nacionalfm\/wp-json\/wp\/v2\/media?parent=30756"}],"wp:term":[{"taxonomy":"category","embeddable":true,"href":"https:\/\/sertv.gob.pa\/nacionalfm\/wp-json\/wp\/v2\/categories?post=30756"},{"taxonomy":"post_tag","embeddable":true,"href":"https:\/\/sertv.gob.pa\/nacionalfm\/wp-json\/wp\/v2\/tags?post=30756"}],"curies":[{"name":"wp","href":"https:\/\/api.w.org\/{rel}","templated":true}]}}