{"id":30764,"date":"2018-09-19T13:04:57","date_gmt":"2018-09-19T13:04:57","guid":{"rendered":""},"modified":"2018-09-19T13:04:57","modified_gmt":"2018-09-19T13:04:57","slug":"canada-prohibe-las-grasas-trans-artificiales","status":"publish","type":"post","link":"https:\/\/sertv.gob.pa\/nacionalfm\/canada-prohibe-las-grasas-trans-artificiales\/","title":{"rendered":"Canad\u00e1 proh\u00edbe las grasas trans artificiales"},"content":{"rendered":"<p>\nEn Canad\u00e1 acaba de entrar en vigencia una medida que  proh\u00edbe la fabricaci\u00f3n de alimentos con grasas trans a\u00f1adidas  en el pa\u00eds, as\u00ed como su importaci\u00f3n.\u00a0 La medida implica que a partir del pasado 17 de septiembre, la producci\u00f3n de este tipo de productos debe detenerse, y que las compa\u00f1\u00edas tengan hasta dos a\u00f1os para terminar de vender los productos con ese ingrediente que ya est\u00e1n fabricados.\u00a0 <\/p>\n<p>As\u00ed, para el a\u00f1o 2020 los estantes canadienses podr\u00e1n declararse libre de grasas trans. El cumplimiento de la medida, inform\u00f3 el gobierno de ese pa\u00eds, ser\u00e1\u00a0revisado por la Agencia para la Inspecci\u00f3n Alimentaria de Canad\u00e1.\u00a0 Organizaciones m\u00e9dicas de ese pa\u00eds celebraron la medida. <\/p>\n<p> El Espectador  <\/p>\n","protected":false},"excerpt":{"rendered":"<p>En Canad\u00e1 acaba de entrar en vigencia una medida que <a href=\"https:\/\/sertv.gob.pa\/nacionalfm\/canada-prohibe-las-grasas-trans-artificiales\/\"> [&#8230;]<\/a><\/p>\n","protected":false},"author":1,"featured_media":30765,"comment_status":"closed","ping_status":"closed","sticky":false,"template":"","format":"standard","meta":{"footnotes":""},"categories":[5],"tags":[],"class_list":["post-30764","post","type-post","status-publish","format-standard","has-post-thumbnail","hentry","category-salud"],"_links":{"self":[{"href":"https:\/\/sertv.gob.pa\/nacionalfm\/wp-json\/wp\/v2\/posts\/30764","targetHints":{"allow":["GET"]}}],"collection":[{"href":"https:\/\/sertv.gob.pa\/nacionalfm\/wp-json\/wp\/v2\/posts"}],"about":[{"href":"https:\/\/sertv.gob.pa\/nacionalfm\/wp-json\/wp\/v2\/types\/post"}],"author":[{"embeddable":true,"href":"https:\/\/sertv.gob.pa\/nacionalfm\/wp-json\/wp\/v2\/users\/1"}],"replies":[{"embeddable":true,"href":"https:\/\/sertv.gob.pa\/nacionalfm\/wp-json\/wp\/v2\/comments?post=30764"}],"version-history":[{"count":0,"href":"https:\/\/sertv.gob.pa\/nacionalfm\/wp-json\/wp\/v2\/posts\/30764\/revisions"}],"wp:featuredmedia":[{"embeddable":true,"href":"https:\/\/sertv.gob.pa\/nacionalfm\/wp-json\/wp\/v2\/media\/30765"}],"wp:attachment":[{"href":"https:\/\/sertv.gob.pa\/nacionalfm\/wp-json\/wp\/v2\/media?parent=30764"}],"wp:term":[{"taxonomy":"category","embeddable":true,"href":"https:\/\/sertv.gob.pa\/nacionalfm\/wp-json\/wp\/v2\/categories?post=30764"},{"taxonomy":"post_tag","embeddable":true,"href":"https:\/\/sertv.gob.pa\/nacionalfm\/wp-json\/wp\/v2\/tags?post=30764"}],"curies":[{"name":"wp","href":"https:\/\/api.w.org\/{rel}","templated":true}]}}