{"id":30768,"date":"2018-09-19T14:09:54","date_gmt":"2018-09-19T14:09:54","guid":{"rendered":""},"modified":"2018-09-19T14:09:54","modified_gmt":"2018-09-19T14:09:54","slug":"panama-traslada-su-atencion-consular-de-sao-paulo-a-santos-en-brasil","status":"publish","type":"post","link":"https:\/\/sertv.gob.pa\/nacionalfm\/panama-traslada-su-atencion-consular-de-sao-paulo-a-santos-en-brasil\/","title":{"rendered":"Panam\u00e1 traslada su atenci\u00f3n Consular de Sao Paulo a Santos, en Brasil"},"content":{"rendered":"<p>\nEn aras a potencializar recursos y tecnificar los servicios del Estado en el \u00e1mbito diplom\u00e1tico, consular y de marina mercante, la Rep\u00fablica de Panam\u00e1, traslada su actual Consulado en Sao Paulo, al municipio de Santos en Brasil. <\/p>\n<p>A una hora de la ciudad de Sao Paulo, el consulado de la Rep\u00fablica de Panam\u00e1 en Santos, mantendr\u00e1 la categor\u00eda de Consulado Privativo de Marina Mercante, y atender\u00e1 tambi\u00e9n los tr\u00e1mites consulares regulares y las relaciones del pa\u00eds con el gobierno local, el sector empresarial y la ciudadan\u00eda, bajo la direcci\u00f3n el C\u00f3nsul General Pedro Luiggi Cozzarelli. <\/p>\n<p>El consulado en Santos est\u00e1 ubicado en la Avenida Conselheiro Nebias &#8211; 754, y su informaci\u00f3n de contacto es 0055- 13-3221 3796,\u00a0\u00a0851 0190 (Clarocom) y los correos electr\u00f3nicos\u00a0 consuladopanamasanto@hotmail.com ,\u00a0pcozzarelli@mire.gob.pa <\/p>\n<p>Adem\u00e1s de la secci\u00f3n consular de la Embajada de Panam\u00e1 en Brasilia,\u00a0\u00a0y el Consulado Privativo de Marina Mercante en Santos, la Rep\u00fablica de Panam\u00e1, cuenta con un\u00a0\u00a0Consulado General en la ciudad de R\u00edo de Janeiro y Consulados Honorarios en Manaos y Recife. <\/p>\n<p> Panam\u00e1 transfere sua aten\u00e7\u00e3o consular de S\u00e3o Paulo para Santos, no Brasil  <\/p>\n<p>A fim de fortalecer recursos e tecnificar os servi\u00e7os do Estado nas \u00e1reas diplom\u00e1ticas, consulares e de marinha mercante, a Rep\u00fablica do Panam\u00e1 movimenta Consulado Geral em S\u00e3o Paulo, para o munic\u00edpio de Santos no Brasil. Uma hora da cidade de S\u00e3o Paulo, o consulado da Rep\u00fablica do Panam\u00e1, em Santos manteve a categoria de Privativo Consulado da Marinha Mercante, e tamb\u00e9m participar de servi\u00e7os consulares regulares e as rela\u00e7\u00f5es do pa\u00eds com o governo local, setor empresarial e cidadania, sob a dire\u00e7\u00e3o do C\u00f4nsul Geral Pedro Luiggi Cozzarelli. <\/p>\n<p>O consulado em Santos est\u00e1 localizado na Avenida Conselheiro N\u00e9bias &#8211; 754, e informa\u00e7\u00f5es de contato \u00e9 0055- 13-3221 3796 851 0190 (Clarocom) e e-mails\u00a0 consuladopanamasanto@hotmail.com ,\u00a0 pcozzarelli@mire.gob.pa.  <\/p>\n<p>Al\u00e9m da sec\u00e7\u00e3o consular da Embaixada do Panam\u00e1 em Bras\u00edlia, e da Marinha Mercante Privativo Consulado em Santos, Rep\u00fablica do Panam\u00e1 tem um Consulado Geral na cidade do Rio de Janeiro e Consulados honor\u00e1rios em Manaus e Recife. <\/p>\n","protected":false},"excerpt":{"rendered":"<p>En aras a potencializar recursos y tecnificar los servicios del <a href=\"https:\/\/sertv.gob.pa\/nacionalfm\/panama-traslada-su-atencion-consular-de-sao-paulo-a-santos-en-brasil\/\"> [&#8230;]<\/a><\/p>\n","protected":false},"author":1,"featured_media":30769,"comment_status":"closed","ping_status":"closed","sticky":false,"template":"","format":"standard","meta":{"footnotes":""},"categories":[2],"tags":[],"class_list":["post-30768","post","type-post","status-publish","format-standard","has-post-thumbnail","hentry","category-nacionales"],"_links":{"self":[{"href":"https:\/\/sertv.gob.pa\/nacionalfm\/wp-json\/wp\/v2\/posts\/30768","targetHints":{"allow":["GET"]}}],"collection":[{"href":"https:\/\/sertv.gob.pa\/nacionalfm\/wp-json\/wp\/v2\/posts"}],"about":[{"href":"https:\/\/sertv.gob.pa\/nacionalfm\/wp-json\/wp\/v2\/types\/post"}],"author":[{"embeddable":true,"href":"https:\/\/sertv.gob.pa\/nacionalfm\/wp-json\/wp\/v2\/users\/1"}],"replies":[{"embeddable":true,"href":"https:\/\/sertv.gob.pa\/nacionalfm\/wp-json\/wp\/v2\/comments?post=30768"}],"version-history":[{"count":0,"href":"https:\/\/sertv.gob.pa\/nacionalfm\/wp-json\/wp\/v2\/posts\/30768\/revisions"}],"wp:featuredmedia":[{"embeddable":true,"href":"https:\/\/sertv.gob.pa\/nacionalfm\/wp-json\/wp\/v2\/media\/30769"}],"wp:attachment":[{"href":"https:\/\/sertv.gob.pa\/nacionalfm\/wp-json\/wp\/v2\/media?parent=30768"}],"wp:term":[{"taxonomy":"category","embeddable":true,"href":"https:\/\/sertv.gob.pa\/nacionalfm\/wp-json\/wp\/v2\/categories?post=30768"},{"taxonomy":"post_tag","embeddable":true,"href":"https:\/\/sertv.gob.pa\/nacionalfm\/wp-json\/wp\/v2\/tags?post=30768"}],"curies":[{"name":"wp","href":"https:\/\/api.w.org\/{rel}","templated":true}]}}