{"id":30770,"date":"2018-09-19T14:22:58","date_gmt":"2018-09-19T14:22:58","guid":{"rendered":""},"modified":"2018-09-19T14:22:58","modified_gmt":"2018-09-19T14:22:58","slug":"nuevo-embajador-de-panama-ante-la-republica-arabe-de-egipto","status":"publish","type":"post","link":"https:\/\/sertv.gob.pa\/nacionalfm\/nuevo-embajador-de-panama-ante-la-republica-arabe-de-egipto\/","title":{"rendered":"Nuevo Embajador de Panam\u00e1 ante la Rep\u00fablica \u00c1rabe de Egipto"},"content":{"rendered":"<p>\nEl nuevo Embajador Extraordinario y Plenipotenciario de la Rep\u00fablica de Panam\u00e1 ante la Rep\u00fablica \u00c1rabe de Egipto, Alejandro Mendoza Gantes, tom\u00f3 el lunes, 18 de septiembre, posesi\u00f3n del cargo ante el Vicecanciller Luis Miguel Hincapi\u00e9.\u00a0 \u00a0 <\/p>\n<p>El Embajador Mendoza, se ha desempe\u00f1ado como consejero de la Misi\u00f3n permanente de Panam\u00e1 ante las Naciones Unidas en Ginebra y como encargado de negocios en esta misma sede diplom\u00e1tica.\u00a0 <\/p>\n<p>Mendoza, miembro de la Carrera Diplom\u00e1tica y Consular es Licenciado en Relaciones Internacionales y tiene un Mag\u00edster en Integraci\u00f3n y Cooperaci\u00f3n Internacional, postgrado en docencia superior, adem\u00e1s posee una Licenciatura en Qu\u00edmica y ha efectuado Estudios de Maestr\u00eda sobre Asia Pac\u00edfico.\u00a0 <\/p>\n<p>Durante su misi\u00f3n en Egipto, el Embajador Mendoza, trabajar\u00e1 en el fortalecimiento de la agenda bilateral, originar\u00e1 iniciativas enmarcadas en la Pol\u00edtica Halc\u00f3n, con la que se procura afianzar los\u00a0 lazos de Panam\u00e1, con econom\u00edas emergentes en \u00c1frica, Medio Oriente y el Sudeste Asi\u00e1tico. <\/p>\n<p>\u00a0 <\/p>\n<p>\u00a0 <\/p>\n","protected":false},"excerpt":{"rendered":"<p>El nuevo Embajador Extraordinario y Plenipotenciario de la Rep\u00fablica de <a href=\"https:\/\/sertv.gob.pa\/nacionalfm\/nuevo-embajador-de-panama-ante-la-republica-arabe-de-egipto\/\"> [&#8230;]<\/a><\/p>\n","protected":false},"author":1,"featured_media":30771,"comment_status":"closed","ping_status":"closed","sticky":false,"template":"","format":"standard","meta":{"footnotes":""},"categories":[2],"tags":[],"class_list":["post-30770","post","type-post","status-publish","format-standard","has-post-thumbnail","hentry","category-nacionales"],"_links":{"self":[{"href":"https:\/\/sertv.gob.pa\/nacionalfm\/wp-json\/wp\/v2\/posts\/30770","targetHints":{"allow":["GET"]}}],"collection":[{"href":"https:\/\/sertv.gob.pa\/nacionalfm\/wp-json\/wp\/v2\/posts"}],"about":[{"href":"https:\/\/sertv.gob.pa\/nacionalfm\/wp-json\/wp\/v2\/types\/post"}],"author":[{"embeddable":true,"href":"https:\/\/sertv.gob.pa\/nacionalfm\/wp-json\/wp\/v2\/users\/1"}],"replies":[{"embeddable":true,"href":"https:\/\/sertv.gob.pa\/nacionalfm\/wp-json\/wp\/v2\/comments?post=30770"}],"version-history":[{"count":0,"href":"https:\/\/sertv.gob.pa\/nacionalfm\/wp-json\/wp\/v2\/posts\/30770\/revisions"}],"wp:featuredmedia":[{"embeddable":true,"href":"https:\/\/sertv.gob.pa\/nacionalfm\/wp-json\/wp\/v2\/media\/30771"}],"wp:attachment":[{"href":"https:\/\/sertv.gob.pa\/nacionalfm\/wp-json\/wp\/v2\/media?parent=30770"}],"wp:term":[{"taxonomy":"category","embeddable":true,"href":"https:\/\/sertv.gob.pa\/nacionalfm\/wp-json\/wp\/v2\/categories?post=30770"},{"taxonomy":"post_tag","embeddable":true,"href":"https:\/\/sertv.gob.pa\/nacionalfm\/wp-json\/wp\/v2\/tags?post=30770"}],"curies":[{"name":"wp","href":"https:\/\/api.w.org\/{rel}","templated":true}]}}