{"id":30774,"date":"2018-09-19T15:07:07","date_gmt":"2018-09-19T15:07:07","guid":{"rendered":""},"modified":"2018-09-19T15:07:07","modified_gmt":"2018-09-19T15:07:07","slug":"techos-de-esperanza-produce-mas-de-mil-plazas-de-empleo","status":"publish","type":"post","link":"https:\/\/sertv.gob.pa\/nacionalfm\/techos-de-esperanza-produce-mas-de-mil-plazas-de-empleo\/","title":{"rendered":"\u201cTechos de Esperanza\u201d, produce m\u00e1s de mil plazas de empleo"},"content":{"rendered":"<p>\nMil 137 personas, forman parte de la mano de obra del programa   Techos de Esperanza   por autogesti\u00f3n, en todo el pa\u00eds, un plan social que ha creado plazas de empleo para hombres y mujeres paname\u00f1as, capacitados para el desarrollo de esta iniciativa. <\/p>\n<p>Sobre el tema, el director nacional de Mejoramiento Habitacional, del Ministerio de Vivienda y Ordenamiento Territorial (MIVIOT), Jos\u00e9 Echevers, aclar\u00f3, que el MIVIOT, cuenta con personal id\u00f3neo para realizar los trabajos y tareas en materia de vivienda, &ldquo;Nos complace saber que los colaboradores del programa   Techos de Esperanza ,  llevan el sustento a sus hogares, beneficiando de manera directa e indirecta a unas 5 mil 685 personas&rdquo;, exterioriz\u00f3. A\u00f1adi\u00f3, que &ldquo;en nuestras cuadrillas contamos con pintores, alba\u00f1iles, carpinteros, electricistas y otros profesionales que desde el inicio de nuestra administraci\u00f3n, liderada por el presidente Juan Carlos Varela, han demostrado capacidad y compromiso para la construcci\u00f3n de estas casas&rdquo;. <\/p>\n<p>&ldquo;Importante destacar que la totalidad de trabajadores es a nivel nacional y \u00e9sta incluye nuestra cuadrilla encargada de resolver los casos de contingencias, compuesta por un total de 116 personas&rdquo; puntualiz\u00f3 Echevers. <\/p>\n<p>El programa   Techos de Esperanza,   es una iniciativa p\u00fablica del Gobierno de la Rep\u00fablica de Panam\u00e1, destinada a procurar soluciones habitacionales socialmente responsables, ambientalmente sostenibles y t\u00e9cnicamente posibles. <\/p>\n","protected":false},"excerpt":{"rendered":"<p>Mil 137 personas, forman parte de la mano de obra <a href=\"https:\/\/sertv.gob.pa\/nacionalfm\/techos-de-esperanza-produce-mas-de-mil-plazas-de-empleo\/\"> [&#8230;]<\/a><\/p>\n","protected":false},"author":1,"featured_media":30775,"comment_status":"closed","ping_status":"closed","sticky":false,"template":"","format":"standard","meta":{"footnotes":""},"categories":[2],"tags":[],"class_list":["post-30774","post","type-post","status-publish","format-standard","has-post-thumbnail","hentry","category-nacionales"],"_links":{"self":[{"href":"https:\/\/sertv.gob.pa\/nacionalfm\/wp-json\/wp\/v2\/posts\/30774","targetHints":{"allow":["GET"]}}],"collection":[{"href":"https:\/\/sertv.gob.pa\/nacionalfm\/wp-json\/wp\/v2\/posts"}],"about":[{"href":"https:\/\/sertv.gob.pa\/nacionalfm\/wp-json\/wp\/v2\/types\/post"}],"author":[{"embeddable":true,"href":"https:\/\/sertv.gob.pa\/nacionalfm\/wp-json\/wp\/v2\/users\/1"}],"replies":[{"embeddable":true,"href":"https:\/\/sertv.gob.pa\/nacionalfm\/wp-json\/wp\/v2\/comments?post=30774"}],"version-history":[{"count":0,"href":"https:\/\/sertv.gob.pa\/nacionalfm\/wp-json\/wp\/v2\/posts\/30774\/revisions"}],"wp:featuredmedia":[{"embeddable":true,"href":"https:\/\/sertv.gob.pa\/nacionalfm\/wp-json\/wp\/v2\/media\/30775"}],"wp:attachment":[{"href":"https:\/\/sertv.gob.pa\/nacionalfm\/wp-json\/wp\/v2\/media?parent=30774"}],"wp:term":[{"taxonomy":"category","embeddable":true,"href":"https:\/\/sertv.gob.pa\/nacionalfm\/wp-json\/wp\/v2\/categories?post=30774"},{"taxonomy":"post_tag","embeddable":true,"href":"https:\/\/sertv.gob.pa\/nacionalfm\/wp-json\/wp\/v2\/tags?post=30774"}],"curies":[{"name":"wp","href":"https:\/\/api.w.org\/{rel}","templated":true}]}}