{"id":30776,"date":"2018-09-19T15:36:53","date_gmt":"2018-09-19T15:36:53","guid":{"rendered":""},"modified":"2018-09-19T15:36:53","modified_gmt":"2018-09-19T15:36:53","slug":"pove-del-mitradel-ha-encaminado-vocacionalmente-a-mas-de-48-mil-jovenes","status":"publish","type":"post","link":"https:\/\/sertv.gob.pa\/nacionalfm\/pove-del-mitradel-ha-encaminado-vocacionalmente-a-mas-de-48-mil-jovenes\/","title":{"rendered":"POVE del MITRADEL ha encaminado vocacionalmente a m\u00e1s de 48 mil j\u00f3venes"},"content":{"rendered":"<p>\nLas autoridades del Ministerio de Trabajo y Desarrollo Laboral de la Rep\u00fablica de Panam\u00e1 (MITRADEL), en julio de 2015, dieron comienzo al   Programa de Orientaci\u00f3n Vocacional y Empleo (POVE),   como un plan piloto, visitando a 15 colegios a nivel nacional, atendiendo a 6,238 estudiantes graduandos, orient\u00e1ndolos a trav\u00e9s de charlas, videos, m\u00fasica y vivencias; resaltando la importancia de estudiar una carrera que les d\u00e9 resultados positivos en su vida y las de sus familias, aparte de inculcarles que en todo trabajo, es vital la responsabilidad, puntualidad, y el trabajo en equipo. <\/p>\n<p>Posteriormente, en 2016, la cifra ampli\u00f3 a 9,408 j\u00f3venes en 42 planteles educativos y en 2017, un total de 16,430 graduandos. Al presente a\u00f1o, el POVE, ha capacitado una poblaci\u00f3n de 16,522 estudiantes en al menos 60 colegios en las provincias de Chiriqu\u00ed, Bocas del Toro, Panam\u00e1, Panam\u00e1 Oeste, Col\u00f3n y Dari\u00e9n, de igual forma, se incluyeron algunos centros educativos de las Comarcas con lo cual suman m\u00e1s de 48,598 los beneficiados con este programa en 4 a\u00f1os de la actual administraci\u00f3n. <\/p>\n<p> Como indican estas cifras, las mujeres capacitadas fueron 27,830 (57.2%), mientras que los hombres totalizaron 20,799 (42.8 %), a nivel nacional. Todav\u00eda quedan por cumplir algunas fechas del POVE, seg\u00fan lo proyectado para el vigente a\u00f1o.  <\/p>\n<p>  El POVE  , motiva a los j\u00f3venes a estudiar carreras que van a tener mayores oportunidades de inserci\u00f3n en el mercado paname\u00f1o en los pr\u00f3ximos a\u00f1os, basado en el informe elaborado por la Alta Comisi\u00f3n de la Pol\u00edtica P\u00fablica de Empleo en noviembre 2014. El informe estim\u00f3, que el pa\u00eds, iba a demandar en los pr\u00f3ximos cinco (5) a\u00f1os, 232,289 empleos en las diversas categor\u00edas de ocupaciones (profesionales, t\u00e9cnicos, no calificados) y sectores econ\u00f3micos prioritarios (agricultura, industria, construcci\u00f3n, comercio, turismo y log\u00edstica). <\/p>\n<p>Es as\u00ed como el   POVE,   se convierte en una herramienta de suma importancia para elegir una buena carrera universitaria, primordialmente una que tenga oportunidad de empleo en un futuro y no escoger carreras que ya est\u00e1n saturadas, sostiene Luis Ernesto Carles, Ministro de Trabajo, principal impulsador de esta iniciativa. El Ministro Carles, apuesta a las carreras t\u00e9cnicas, porque son las que demandar\u00e1n las empresas en nuestro pa\u00eds. Por ello, -seg\u00fan el Ministro Carles- la implementaci\u00f3n de bachilleratos t\u00e9cnicos hacia carreras de comprobada demanda de empleo, como la log\u00edstica, es un paso en el sentido correcto, vac\u00edo que vendr\u00eda a llenar el Instituto T\u00e9cnico Superior del Este (ITSE), pr\u00f3ximo a iniciar operaciones. <\/p>\n<p>El   POVE,   ha identificado m\u00e1s de 200 ocupaciones tradicionales y no tradicionales con alta demanda a futuro cercano en distintos sectores de la econom\u00eda, que ya se exige en diferente medida personal t\u00e9cnico o profesional como salud, log\u00edstico, ambiental, construcci\u00f3n, tecnol\u00f3gico y minero por tanto las universidades, deben enfocar su plan de formaci\u00f3n hacia las \u00e1reas de mayor desarrollo y necesidad. <\/p>\n","protected":false},"excerpt":{"rendered":"<p>Las autoridades del Ministerio de Trabajo y Desarrollo Laboral de <a href=\"https:\/\/sertv.gob.pa\/nacionalfm\/pove-del-mitradel-ha-encaminado-vocacionalmente-a-mas-de-48-mil-jovenes\/\"> [&#8230;]<\/a><\/p>\n","protected":false},"author":1,"featured_media":30777,"comment_status":"closed","ping_status":"closed","sticky":false,"template":"","format":"standard","meta":{"footnotes":""},"categories":[2],"tags":[],"class_list":["post-30776","post","type-post","status-publish","format-standard","has-post-thumbnail","hentry","category-nacionales"],"_links":{"self":[{"href":"https:\/\/sertv.gob.pa\/nacionalfm\/wp-json\/wp\/v2\/posts\/30776","targetHints":{"allow":["GET"]}}],"collection":[{"href":"https:\/\/sertv.gob.pa\/nacionalfm\/wp-json\/wp\/v2\/posts"}],"about":[{"href":"https:\/\/sertv.gob.pa\/nacionalfm\/wp-json\/wp\/v2\/types\/post"}],"author":[{"embeddable":true,"href":"https:\/\/sertv.gob.pa\/nacionalfm\/wp-json\/wp\/v2\/users\/1"}],"replies":[{"embeddable":true,"href":"https:\/\/sertv.gob.pa\/nacionalfm\/wp-json\/wp\/v2\/comments?post=30776"}],"version-history":[{"count":0,"href":"https:\/\/sertv.gob.pa\/nacionalfm\/wp-json\/wp\/v2\/posts\/30776\/revisions"}],"wp:featuredmedia":[{"embeddable":true,"href":"https:\/\/sertv.gob.pa\/nacionalfm\/wp-json\/wp\/v2\/media\/30777"}],"wp:attachment":[{"href":"https:\/\/sertv.gob.pa\/nacionalfm\/wp-json\/wp\/v2\/media?parent=30776"}],"wp:term":[{"taxonomy":"category","embeddable":true,"href":"https:\/\/sertv.gob.pa\/nacionalfm\/wp-json\/wp\/v2\/categories?post=30776"},{"taxonomy":"post_tag","embeddable":true,"href":"https:\/\/sertv.gob.pa\/nacionalfm\/wp-json\/wp\/v2\/tags?post=30776"}],"curies":[{"name":"wp","href":"https:\/\/api.w.org\/{rel}","templated":true}]}}