{"id":30778,"date":"2018-09-19T16:14:48","date_gmt":"2018-09-19T16:14:48","guid":{"rendered":""},"modified":"2018-09-19T16:14:48","modified_gmt":"2018-09-19T16:14:48","slug":"diocesis-de-chitre-prepara-a-estudiantes-del-crua-rumbo-a-la-jmj-2019","status":"publish","type":"post","link":"https:\/\/sertv.gob.pa\/nacionalfm\/diocesis-de-chitre-prepara-a-estudiantes-del-crua-rumbo-a-la-jmj-2019\/","title":{"rendered":"Di\u00f3cesis de Chitr\u00e9 prepara a estudiantes del CRUA, rumbo a la JMJ 2019"},"content":{"rendered":"<p>\nRepresentantes de la Di\u00f3cesis de Chitr\u00e9, organizaron recientemente, una capacitaci\u00f3n denominada la\u00a0  Formaci\u00f3n Rumbo a la JMJ 20 19, \u00a0con el tema:\u00a0  Espiritualidad de Comuni\u00f3n y Servicio  , en la cual participaron estudiantes y profesores del Centro Regional Universitario de Azuero quienes actuar\u00e1n como voluntarios en esta actividad religiosa. <\/p>\n<p>El facilitador, p\u00e1rroco Luis G\u00f3mez Lodo\u00f1o, te\u00f3logo por la Universidad Gregoriana de Roma y docente de la Universidad Buena Aventura en Medell\u00edn, Colombia, manifest\u00f3 a los j\u00f3venes, que no son el futuro, sino el presente y que los necesitan con esa manera, ser diferentes, alegres. <\/p>\n<p>Puntualiz\u00f3 Londo\u00f1o, dici\u00e9ndoles a los estudiantes universitarios, cuenten con nosotros, contamos con ustedes en esta maravillosa experiencia que va ser la   JMJ 2019  . Advirti\u00f3 sobre aspectos fundamentales de La Eucar\u00edstica, unci\u00f3n de los enfermos, el sacramento del orden, el matrimonio, las desigualdades entre otros. <\/p>\n<p>En la capacitaci\u00f3n, tambi\u00e9n estuvieron los docentes que componen la Pastoral Universitaria del CRU de Azuero y la coordinadora en promover las actividades la licenciada, Heydi Cede\u00f1o. <\/p>\n<p>\u00a0 <\/p>\n","protected":false},"excerpt":{"rendered":"<p>Representantes de la Di\u00f3cesis de Chitr\u00e9, organizaron recientemente, una capacitaci\u00f3n <a href=\"https:\/\/sertv.gob.pa\/nacionalfm\/diocesis-de-chitre-prepara-a-estudiantes-del-crua-rumbo-a-la-jmj-2019\/\"> [&#8230;]<\/a><\/p>\n","protected":false},"author":1,"featured_media":30779,"comment_status":"closed","ping_status":"closed","sticky":false,"template":"","format":"standard","meta":{"footnotes":""},"categories":[2],"tags":[],"class_list":["post-30778","post","type-post","status-publish","format-standard","has-post-thumbnail","hentry","category-nacionales"],"_links":{"self":[{"href":"https:\/\/sertv.gob.pa\/nacionalfm\/wp-json\/wp\/v2\/posts\/30778","targetHints":{"allow":["GET"]}}],"collection":[{"href":"https:\/\/sertv.gob.pa\/nacionalfm\/wp-json\/wp\/v2\/posts"}],"about":[{"href":"https:\/\/sertv.gob.pa\/nacionalfm\/wp-json\/wp\/v2\/types\/post"}],"author":[{"embeddable":true,"href":"https:\/\/sertv.gob.pa\/nacionalfm\/wp-json\/wp\/v2\/users\/1"}],"replies":[{"embeddable":true,"href":"https:\/\/sertv.gob.pa\/nacionalfm\/wp-json\/wp\/v2\/comments?post=30778"}],"version-history":[{"count":0,"href":"https:\/\/sertv.gob.pa\/nacionalfm\/wp-json\/wp\/v2\/posts\/30778\/revisions"}],"wp:featuredmedia":[{"embeddable":true,"href":"https:\/\/sertv.gob.pa\/nacionalfm\/wp-json\/wp\/v2\/media\/30779"}],"wp:attachment":[{"href":"https:\/\/sertv.gob.pa\/nacionalfm\/wp-json\/wp\/v2\/media?parent=30778"}],"wp:term":[{"taxonomy":"category","embeddable":true,"href":"https:\/\/sertv.gob.pa\/nacionalfm\/wp-json\/wp\/v2\/categories?post=30778"},{"taxonomy":"post_tag","embeddable":true,"href":"https:\/\/sertv.gob.pa\/nacionalfm\/wp-json\/wp\/v2\/tags?post=30778"}],"curies":[{"name":"wp","href":"https:\/\/api.w.org\/{rel}","templated":true}]}}