{"id":30786,"date":"2018-09-19T19:34:42","date_gmt":"2018-09-19T19:34:42","guid":{"rendered":""},"modified":"2018-09-19T19:34:42","modified_gmt":"2018-09-19T19:34:42","slug":"panama-posee-una-norma-pais-respecto-a-la-igualdad-de-genero","status":"publish","type":"post","link":"https:\/\/sertv.gob.pa\/nacionalfm\/panama-posee-una-norma-pais-respecto-a-la-igualdad-de-genero\/","title":{"rendered":"Panam\u00e1, posee una norma pa\u00eds respecto a la Igualdad de G\u00e9nero"},"content":{"rendered":"<p>\nLa Viceministra de Trabajo y Desarrollo Laboral, Zulphy Santamar\u00eda, se\u00f1al\u00f3, que gracias al apoyo de la sociedad civil, organizaciones sindicales e instituciones del Estado, se logr\u00f3 crear y aprobar en Panam\u00e1, la norma pa\u00eds sobre Igualdad de G\u00e9nero. <\/p>\n<p>&ldquo;Panam\u00e1, est\u00e1 haciendo grandes esfuerzos para lograr un cambio en la mentalidad de las personas en materia de G\u00e9nero a trav\u00e9s de los programas de equidad que se adelantan en el pa\u00eds&rdquo;, coment\u00f3, Santamar\u00eda. Afirm\u00f3 que se debe transformar la mentalidad tanto de hombres y mujeres sobre lo que realmente significa la Igualdad de G\u00e9nero. <\/p>\n<p>&ldquo;Actualmente en Panam\u00e1, se est\u00e1 llevando de forma paralela el programa de Igualad de G\u00e9nero en 10 empresas privadas y en 4 instituciones p\u00fablicas&rdquo;, sentenci\u00f3 la Viceministra Santamar\u00eda. Concluyo diciendo, que se deben eliminar los empleos masculinizados o feminizados, as\u00ed como la pr\u00e1ctica de hojas de vida ciegas a la hora de seleccionar, reclutar y promover, dentro de las empresas. <\/p>\n<p>Las declaraciones de la Viceministra de la cartera laboral de Panam\u00e1, se dieron durante su participaci\u00f3n en el panel &ldquo;Liderazgo de las mujeres en el \u00e1mbito de la protecci\u00f3n social&rdquo;, realizado en el marco del III Encuentro Iberoamericano sobre G\u00e9nero y Seguridad Social, realizado del 17 al 18 de septiembre, en Montevideo, Uruguay. <\/p>\n<p>Cabe recalcar, que la Viceministra Zulphy Santamar\u00eda, fue distinguida con el reconocimiento &ldquo;Mujer y Protecci\u00f3n Social en Iberoam\u00e9rica 2018&rdquo;. <\/p>\n","protected":false},"excerpt":{"rendered":"<p>La Viceministra de Trabajo y Desarrollo Laboral, Zulphy Santamar\u00eda, se\u00f1al\u00f3, <a href=\"https:\/\/sertv.gob.pa\/nacionalfm\/panama-posee-una-norma-pais-respecto-a-la-igualdad-de-genero\/\"> [&#8230;]<\/a><\/p>\n","protected":false},"author":1,"featured_media":30787,"comment_status":"closed","ping_status":"closed","sticky":false,"template":"","format":"standard","meta":{"footnotes":""},"categories":[2],"tags":[],"class_list":["post-30786","post","type-post","status-publish","format-standard","has-post-thumbnail","hentry","category-nacionales"],"_links":{"self":[{"href":"https:\/\/sertv.gob.pa\/nacionalfm\/wp-json\/wp\/v2\/posts\/30786","targetHints":{"allow":["GET"]}}],"collection":[{"href":"https:\/\/sertv.gob.pa\/nacionalfm\/wp-json\/wp\/v2\/posts"}],"about":[{"href":"https:\/\/sertv.gob.pa\/nacionalfm\/wp-json\/wp\/v2\/types\/post"}],"author":[{"embeddable":true,"href":"https:\/\/sertv.gob.pa\/nacionalfm\/wp-json\/wp\/v2\/users\/1"}],"replies":[{"embeddable":true,"href":"https:\/\/sertv.gob.pa\/nacionalfm\/wp-json\/wp\/v2\/comments?post=30786"}],"version-history":[{"count":0,"href":"https:\/\/sertv.gob.pa\/nacionalfm\/wp-json\/wp\/v2\/posts\/30786\/revisions"}],"wp:featuredmedia":[{"embeddable":true,"href":"https:\/\/sertv.gob.pa\/nacionalfm\/wp-json\/wp\/v2\/media\/30787"}],"wp:attachment":[{"href":"https:\/\/sertv.gob.pa\/nacionalfm\/wp-json\/wp\/v2\/media?parent=30786"}],"wp:term":[{"taxonomy":"category","embeddable":true,"href":"https:\/\/sertv.gob.pa\/nacionalfm\/wp-json\/wp\/v2\/categories?post=30786"},{"taxonomy":"post_tag","embeddable":true,"href":"https:\/\/sertv.gob.pa\/nacionalfm\/wp-json\/wp\/v2\/tags?post=30786"}],"curies":[{"name":"wp","href":"https:\/\/api.w.org\/{rel}","templated":true}]}}