{"id":30788,"date":"2018-09-19T19:50:19","date_gmt":"2018-09-19T19:50:19","guid":{"rendered":""},"modified":"2018-09-19T19:50:19","modified_gmt":"2018-09-19T19:50:19","slug":"trabajadores-concluyen-diplomado-sobre-manejo-de-la-violencia-domestica","status":"publish","type":"post","link":"https:\/\/sertv.gob.pa\/nacionalfm\/trabajadores-concluyen-diplomado-sobre-manejo-de-la-violencia-domestica\/","title":{"rendered":"Trabajadores concluyen diplomado sobre Manejo de la Violencia Dom\u00e9stica"},"content":{"rendered":"<p>\nUn grupo de 23 trabajadores finalizaron el diplomado en   &ldquo;Manejo     Multidisciplinario de la Violencia Dom\u00e9stica&rdquo;,   implementado por autoridades del Ministerio de Trabajo y Desarrollo Laboral (MITRADEL) a trav\u00e9s de su Instituto de Estudios Laborales (IPEL), conjuntamente con la Universidad Santa Mar\u00eda la Antigua (USMA). <\/p>\n<p>&ldquo;La educaci\u00f3n nunca es un costo, es una inversi\u00f3n, que permite mejorar nuestro entorno social y laboral para un desarrollo integral&rdquo;, especific\u00f3 Alfonso Rosas, Secretario General del MITRADEL. <\/p>\n<p>Recalc\u00f3, que esta actividad, se enmarca en el acuerdo firmado con ocho Universidades del pa\u00eds, a fin de promover la formaci\u00f3n y el fortalecimiento de capacidades laborales de los trabajadores(as), servidores p\u00fablicos, representantes de las empresas privadas, dirigentes sindicales, por medio de las instituciones de educaci\u00f3n superior debidamente acreditadas y reconocidas por su trayectoria acad\u00e9mica. <\/p>\n<p>Es importante destacar, que las autoridades del Ministerio de Trabajo, permanecer\u00e1n ejecutando acciones educativas para propiciar un espacio de discusi\u00f3n y an\u00e1lisis de temas de inter\u00e9s que contribuyan a mejorar las relaciones de trabajo y el sistema tripartito para el desarrollo socioecon\u00f3mico de Panam\u00e1. <\/p>\n","protected":false},"excerpt":{"rendered":"<p>Un grupo de 23 trabajadores finalizaron el diplomado en &ldquo;Manejo <a href=\"https:\/\/sertv.gob.pa\/nacionalfm\/trabajadores-concluyen-diplomado-sobre-manejo-de-la-violencia-domestica\/\"> [&#8230;]<\/a><\/p>\n","protected":false},"author":1,"featured_media":30789,"comment_status":"closed","ping_status":"closed","sticky":false,"template":"","format":"standard","meta":{"footnotes":""},"categories":[2],"tags":[],"class_list":["post-30788","post","type-post","status-publish","format-standard","has-post-thumbnail","hentry","category-nacionales"],"_links":{"self":[{"href":"https:\/\/sertv.gob.pa\/nacionalfm\/wp-json\/wp\/v2\/posts\/30788","targetHints":{"allow":["GET"]}}],"collection":[{"href":"https:\/\/sertv.gob.pa\/nacionalfm\/wp-json\/wp\/v2\/posts"}],"about":[{"href":"https:\/\/sertv.gob.pa\/nacionalfm\/wp-json\/wp\/v2\/types\/post"}],"author":[{"embeddable":true,"href":"https:\/\/sertv.gob.pa\/nacionalfm\/wp-json\/wp\/v2\/users\/1"}],"replies":[{"embeddable":true,"href":"https:\/\/sertv.gob.pa\/nacionalfm\/wp-json\/wp\/v2\/comments?post=30788"}],"version-history":[{"count":0,"href":"https:\/\/sertv.gob.pa\/nacionalfm\/wp-json\/wp\/v2\/posts\/30788\/revisions"}],"wp:featuredmedia":[{"embeddable":true,"href":"https:\/\/sertv.gob.pa\/nacionalfm\/wp-json\/wp\/v2\/media\/30789"}],"wp:attachment":[{"href":"https:\/\/sertv.gob.pa\/nacionalfm\/wp-json\/wp\/v2\/media?parent=30788"}],"wp:term":[{"taxonomy":"category","embeddable":true,"href":"https:\/\/sertv.gob.pa\/nacionalfm\/wp-json\/wp\/v2\/categories?post=30788"},{"taxonomy":"post_tag","embeddable":true,"href":"https:\/\/sertv.gob.pa\/nacionalfm\/wp-json\/wp\/v2\/tags?post=30788"}],"curies":[{"name":"wp","href":"https:\/\/api.w.org\/{rel}","templated":true}]}}