{"id":30790,"date":"2018-09-19T20:11:20","date_gmt":"2018-09-19T20:11:20","guid":{"rendered":""},"modified":"2018-09-19T20:11:20","modified_gmt":"2018-09-19T20:11:20","slug":"personal-del-miviot-de-panama-se-capacita-acerca-de-la-discapacidad","status":"publish","type":"post","link":"https:\/\/sertv.gob.pa\/nacionalfm\/personal-del-miviot-de-panama-se-capacita-acerca-de-la-discapacidad\/","title":{"rendered":"Personal del MIVIOT de Panam\u00e1, se capacita acerca de la discapacidad"},"content":{"rendered":"<p>\nBajo las instrucciones de una representante de la Secretar\u00eda Nacional de Discapacidad, colaboradores del Ministerio de Vivienda y Ordenamiento Territorial (MIVIOT), de la Rep\u00fablica de Panam\u00e1, participaron de una reuni\u00f3n a fin de conversar sobre los tipos de discapacidad y sensibilizar a todo el personal. <\/p>\n<p>En ese sentido, Iveth Valdez, jefa de \u00a0la Oficina de Igualdad de Oportunidades y G\u00e9nero del MIVIOT, revel\u00f3, que &ldquo;es necesario capacitar a los colaboradores de forma permanente en todos los temas relacionados con discapacidad, ya que somos una instituci\u00f3n que atiende un sin n\u00famero de beneficiarios y debemos estar preparados&rdquo;. <\/p>\n<p>&ldquo;Discapacidad f\u00edsica, visual, motora, visceral, psicosocial, son s\u00f3lo algunos de los tipos que podemos mencionar y el personal que atiende a beneficiarios de vivienda, arrendatarios y dem\u00e1s debe conocer los significados para ofrecer una atenci\u00f3n de primera&rdquo;, sustent\u00f3 Valdez. <\/p>\n<p>La Oficina de Igualdad de Oportunidades, actualmente, cuenta con presencia a nivel nacional y las personas que aspiran a un proyecto social, que mantengan interrogantes pueden aproximarse y resolverlas. <\/p>\n<p>\u00a0 <\/p>\n","protected":false},"excerpt":{"rendered":"<p>Bajo las instrucciones de una representante de la Secretar\u00eda Nacional <a href=\"https:\/\/sertv.gob.pa\/nacionalfm\/personal-del-miviot-de-panama-se-capacita-acerca-de-la-discapacidad\/\"> [&#8230;]<\/a><\/p>\n","protected":false},"author":1,"featured_media":30791,"comment_status":"closed","ping_status":"closed","sticky":false,"template":"","format":"standard","meta":{"footnotes":""},"categories":[2],"tags":[],"class_list":["post-30790","post","type-post","status-publish","format-standard","has-post-thumbnail","hentry","category-nacionales"],"_links":{"self":[{"href":"https:\/\/sertv.gob.pa\/nacionalfm\/wp-json\/wp\/v2\/posts\/30790","targetHints":{"allow":["GET"]}}],"collection":[{"href":"https:\/\/sertv.gob.pa\/nacionalfm\/wp-json\/wp\/v2\/posts"}],"about":[{"href":"https:\/\/sertv.gob.pa\/nacionalfm\/wp-json\/wp\/v2\/types\/post"}],"author":[{"embeddable":true,"href":"https:\/\/sertv.gob.pa\/nacionalfm\/wp-json\/wp\/v2\/users\/1"}],"replies":[{"embeddable":true,"href":"https:\/\/sertv.gob.pa\/nacionalfm\/wp-json\/wp\/v2\/comments?post=30790"}],"version-history":[{"count":0,"href":"https:\/\/sertv.gob.pa\/nacionalfm\/wp-json\/wp\/v2\/posts\/30790\/revisions"}],"wp:featuredmedia":[{"embeddable":true,"href":"https:\/\/sertv.gob.pa\/nacionalfm\/wp-json\/wp\/v2\/media\/30791"}],"wp:attachment":[{"href":"https:\/\/sertv.gob.pa\/nacionalfm\/wp-json\/wp\/v2\/media?parent=30790"}],"wp:term":[{"taxonomy":"category","embeddable":true,"href":"https:\/\/sertv.gob.pa\/nacionalfm\/wp-json\/wp\/v2\/categories?post=30790"},{"taxonomy":"post_tag","embeddable":true,"href":"https:\/\/sertv.gob.pa\/nacionalfm\/wp-json\/wp\/v2\/tags?post=30790"}],"curies":[{"name":"wp","href":"https:\/\/api.w.org\/{rel}","templated":true}]}}