{"id":30794,"date":"2018-09-19T20:36:08","date_gmt":"2018-09-19T20:36:08","guid":{"rendered":""},"modified":"2018-09-19T20:36:08","modified_gmt":"2018-09-19T20:36:08","slug":"feria-de-empleo-en-chiriqui-jueves-20-de-septiembre","status":"publish","type":"post","link":"https:\/\/sertv.gob.pa\/nacionalfm\/feria-de-empleo-en-chiriqui-jueves-20-de-septiembre\/","title":{"rendered":"\u201cFeria de Empleo\u201d, en Chiriqu\u00ed, jueves, 20 de septiembre"},"content":{"rendered":"<p>\n Este jueves, 20 de septiembre, cerca de 40 empresas privadas de la provincia de Chiriqu\u00ed, ofertar\u00e1n sus vacantes durante la feria de empleo que tendr\u00e1 como sede, el gimnasio La Basita- Pandeportes, en el distrito de David.  <\/p>\n<p> Los buscadores de empleo, pueden aplicar a las vacantes que se brindar\u00e1n de 8:30 a.m. a 3:00 p.m. de la tarde presentando su hoja de vida, copia de licencia de conducir (de poseerlo) y de carn\u00e9 de manipulaci\u00f3n de alimentos (igual de poseerlos).  <\/p>\n<p>Las empresas, requieren personal para atenci\u00f3n al cliente, seguridad, farmacia, asistentes de farmacia, asistentes administrativos, contabilidad, operadores de pista, recamareras, estilistas y oficinistas. <\/p>\n<p>Asimismo, los buscadores de empleo, podr\u00e1n aplicar a vacantes de operarios de limpieza, ayudante general, encargados de bodega, vendedores, cajeros (as), conductores, pizzeros, carniceros, panaderos, cocineros y ayudantes de cocina. <\/p>\n<p>Para el \u00e1rea t\u00e9cnica, se solicitan ingenieros electromec\u00e1nicos, electromec\u00e1nicos, plomeros y electr\u00f3nicos. <\/p>\n<p>Es muy importante enfatizar, que estas ferias de empleo, se llevan a cabo, con el objetivo de facilitar espacios de intermediaci\u00f3n laboral entre el buscador y la empresa oferente. <\/p>\n<p>El per\u00edodo de ferias, concluye \u00a0el pr\u00f3ximo mes de octubre, donde se desarrollar\u00e1n en Panam\u00e1 Pac\u00edfico (jueves 4) y Los Santos (s\u00e1bado 20). <\/p>\n","protected":false},"excerpt":{"rendered":"<p>Este jueves, 20 de septiembre, cerca de 40 empresas privadas <a href=\"https:\/\/sertv.gob.pa\/nacionalfm\/feria-de-empleo-en-chiriqui-jueves-20-de-septiembre\/\"> [&#8230;]<\/a><\/p>\n","protected":false},"author":1,"featured_media":30795,"comment_status":"closed","ping_status":"closed","sticky":false,"template":"","format":"standard","meta":{"footnotes":""},"categories":[2],"tags":[],"class_list":["post-30794","post","type-post","status-publish","format-standard","has-post-thumbnail","hentry","category-nacionales"],"_links":{"self":[{"href":"https:\/\/sertv.gob.pa\/nacionalfm\/wp-json\/wp\/v2\/posts\/30794","targetHints":{"allow":["GET"]}}],"collection":[{"href":"https:\/\/sertv.gob.pa\/nacionalfm\/wp-json\/wp\/v2\/posts"}],"about":[{"href":"https:\/\/sertv.gob.pa\/nacionalfm\/wp-json\/wp\/v2\/types\/post"}],"author":[{"embeddable":true,"href":"https:\/\/sertv.gob.pa\/nacionalfm\/wp-json\/wp\/v2\/users\/1"}],"replies":[{"embeddable":true,"href":"https:\/\/sertv.gob.pa\/nacionalfm\/wp-json\/wp\/v2\/comments?post=30794"}],"version-history":[{"count":0,"href":"https:\/\/sertv.gob.pa\/nacionalfm\/wp-json\/wp\/v2\/posts\/30794\/revisions"}],"wp:featuredmedia":[{"embeddable":true,"href":"https:\/\/sertv.gob.pa\/nacionalfm\/wp-json\/wp\/v2\/media\/30795"}],"wp:attachment":[{"href":"https:\/\/sertv.gob.pa\/nacionalfm\/wp-json\/wp\/v2\/media?parent=30794"}],"wp:term":[{"taxonomy":"category","embeddable":true,"href":"https:\/\/sertv.gob.pa\/nacionalfm\/wp-json\/wp\/v2\/categories?post=30794"},{"taxonomy":"post_tag","embeddable":true,"href":"https:\/\/sertv.gob.pa\/nacionalfm\/wp-json\/wp\/v2\/tags?post=30794"}],"curies":[{"name":"wp","href":"https:\/\/api.w.org\/{rel}","templated":true}]}}