{"id":30798,"date":"2018-09-20T13:31:44","date_gmt":"2018-09-20T13:31:44","guid":{"rendered":""},"modified":"2018-09-20T13:31:44","modified_gmt":"2018-09-20T13:31:44","slug":"cuantos-anos-de-vida-pierden-las-personas-con-sobrepeso","status":"publish","type":"post","link":"https:\/\/sertv.gob.pa\/nacionalfm\/cuantos-anos-de-vida-pierden-las-personas-con-sobrepeso\/","title":{"rendered":"\u00bfCu\u00e1ntos a\u00f1os de vida pierden las personas con sobrepeso?"},"content":{"rendered":"<p>\nInvestigadores la Academia de Salud de Finlandia, el Instituto de Investigaci\u00f3n de C\u00e1ncer de Reino Unido y el Concejo M\u00e9dico de Investigaci\u00f3n de Estados Unidos midieron cu\u00e1ntos a\u00f1os sin enfermedades, es decir, cu\u00e1ntos a\u00f1os saludables, tienen las personas con respecto a su peso, en un estudio publicado en la revista m\u00e9dica The Lancet. Este es el  estudio  m\u00e1s grande hasta ahora para examinar la asociaci\u00f3n entre la obesidad y la p\u00e9rdida de a\u00f1os libres de enfermedad debido a las principales enfermedades no transmisibles y c\u00f3mo esta asociaci\u00f3n var\u00eda seg\u00fan la categor\u00eda de vida y la socioeconom\u00eda. Los investigadores tomaron los datos de 120.000 pacientes europeos entre los 40 y 75 a\u00f1os. <\/p>\n<p>&ldquo;Encontramos que la obesidad leve se asoci\u00f3 con una p\u00e9rdida de uno en diez y la obesidad severa una p\u00e9rdida de uno de cada cuatro a\u00f1os libres de enfermedad potenciales entre 40 a\u00f1os y 75 a\u00f1os. En ambos sexos, los participantes con sobrepeso perdieron 1 a\u00f1o sin enfermedad, los 3-4 a\u00f1os con obesidad leve y 7-9 a\u00f1os con obesidad severa en comparaci\u00f3n con los participantes con peso normal. La obesidad severa se asoci\u00f3 con una p\u00e9rdida de 7-10 a\u00f1os libres de enfermedad en individuos activos e inactivos; actuales, pasados \u200b\u200by nunca fumadores; y aquellos de alta y baja posici\u00f3n socioecon\u00f3mica&rdquo;, escriben los investigadores. Esta creciente p\u00e9rdida de a\u00f1os libres de enfermedad a medida que la obesidad se vuelve m\u00e1s severa ocurre en ambos sexos, entre fumadores y no fumadores, los activos e inactivos, y en todos los estratos y jerarqu\u00edas socioecon\u00f3micas. La mayor\u00eda de las enfermedades que se registran en personas con sobrepeso y obesidad son diabetes tipo 2, enfermedades coronarias, infartos, entre otros. <\/p>\n<p>El Espectador <\/p>\n","protected":false},"excerpt":{"rendered":"<p>Investigadores la Academia de Salud de Finlandia, el Instituto de <a href=\"https:\/\/sertv.gob.pa\/nacionalfm\/cuantos-anos-de-vida-pierden-las-personas-con-sobrepeso\/\"> [&#8230;]<\/a><\/p>\n","protected":false},"author":1,"featured_media":30799,"comment_status":"closed","ping_status":"closed","sticky":false,"template":"","format":"standard","meta":{"footnotes":""},"categories":[5],"tags":[],"class_list":["post-30798","post","type-post","status-publish","format-standard","has-post-thumbnail","hentry","category-salud"],"_links":{"self":[{"href":"https:\/\/sertv.gob.pa\/nacionalfm\/wp-json\/wp\/v2\/posts\/30798","targetHints":{"allow":["GET"]}}],"collection":[{"href":"https:\/\/sertv.gob.pa\/nacionalfm\/wp-json\/wp\/v2\/posts"}],"about":[{"href":"https:\/\/sertv.gob.pa\/nacionalfm\/wp-json\/wp\/v2\/types\/post"}],"author":[{"embeddable":true,"href":"https:\/\/sertv.gob.pa\/nacionalfm\/wp-json\/wp\/v2\/users\/1"}],"replies":[{"embeddable":true,"href":"https:\/\/sertv.gob.pa\/nacionalfm\/wp-json\/wp\/v2\/comments?post=30798"}],"version-history":[{"count":0,"href":"https:\/\/sertv.gob.pa\/nacionalfm\/wp-json\/wp\/v2\/posts\/30798\/revisions"}],"wp:featuredmedia":[{"embeddable":true,"href":"https:\/\/sertv.gob.pa\/nacionalfm\/wp-json\/wp\/v2\/media\/30799"}],"wp:attachment":[{"href":"https:\/\/sertv.gob.pa\/nacionalfm\/wp-json\/wp\/v2\/media?parent=30798"}],"wp:term":[{"taxonomy":"category","embeddable":true,"href":"https:\/\/sertv.gob.pa\/nacionalfm\/wp-json\/wp\/v2\/categories?post=30798"},{"taxonomy":"post_tag","embeddable":true,"href":"https:\/\/sertv.gob.pa\/nacionalfm\/wp-json\/wp\/v2\/tags?post=30798"}],"curies":[{"name":"wp","href":"https:\/\/api.w.org\/{rel}","templated":true}]}}