{"id":30802,"date":"2018-09-20T14:42:24","date_gmt":"2018-09-20T14:42:24","guid":{"rendered":""},"modified":"2018-09-20T14:42:24","modified_gmt":"2018-09-20T14:42:24","slug":"en-fase-de-rehabilitacion-esta-el-tanque-en-buenos-aires-san-isidro","status":"publish","type":"post","link":"https:\/\/sertv.gob.pa\/nacionalfm\/en-fase-de-rehabilitacion-esta-el-tanque-en-buenos-aires-san-isidro\/","title":{"rendered":"En fase de rehabilitaci\u00f3n est\u00e1 el tanque en Buenos Aires-San Isidro"},"content":{"rendered":"<p>\nActualmente, representantes del Instituto de Acueductos y Alcantarillados Nacionales de Panam\u00e1 (IDAAN), llevan a ejecuci\u00f3n, el mejoramiento del sistema de abastecimiento de agua potable de Buenos Aires-San Isidro ubicado en el corregimiento Omar Torrijos en el distrito de San Miguelito, \u00e9ste trabajo se realiza, \u00a0a un costo de B\/.320,566.65. <\/p>\n<p>El proyecto, \u00a0radica en la rehabilitaci\u00f3n del tanque de 300 mil galones en el sector de Buenos Aires, que se encuentra fuera de operaciones \u00a0y la empresa responsable de esta labor, Representaciones HALFE S, A., se encargar\u00e1 de la rehabilitaci\u00f3n por medios mec\u00e1nicos del tanque de almacenamiento de acero y\u00a0 pintado \u00a0de acuerdo a las especificaciones t\u00e9cnicas del IDAAN. De esta manera, en la parte interior, el tanque ser\u00e1 impermeabilizado y en su exterior pintado. Los materiales utilizados en el revestimiento interno, habr\u00e1n de contener certificaci\u00f3n que se permite\u00a0 su uso en estructuras de productos de consumo humano. <\/p>\n<p>El contrato, establece que la empresa deber\u00e1 soldar y remplazar todas las l\u00e1minas met\u00e1licas deterioradas o en malas condiciones. Igualmente, el suministro e instalaci\u00f3n de cerca perimetral en la parte superior en el pol\u00edgono del \u00e1rea perteneciente al IDAAN del taque, suministro e instalaci\u00f3n de cableado el\u00e9ctrico, alimentaci\u00f3n y luminarias. <\/p>\n<p>El contratista, asimismo, proceder\u00e1 a la preparaci\u00f3n de caminos de acceso a la estaci\u00f3n de bombeo, limpieza y pintura de la estaci\u00f3n y la limpieza de las \u00e1reas verdes, cunetas y drenajes. <\/p>\n<p>Con este proyecto, se beneficiar\u00e1n unas 15 mil personas de la comunidad y al finalizar el proyecto, el tanque de 300 mil galones, cumplir\u00e1 con todos los est\u00e1ndares de calidad que exige la ley. <\/p>\n<p>\u00a0 <\/p>\n","protected":false},"excerpt":{"rendered":"<p>Actualmente, representantes del Instituto de Acueductos y Alcantarillados Nacionales de <a href=\"https:\/\/sertv.gob.pa\/nacionalfm\/en-fase-de-rehabilitacion-esta-el-tanque-en-buenos-aires-san-isidro\/\"> [&#8230;]<\/a><\/p>\n","protected":false},"author":1,"featured_media":30803,"comment_status":"closed","ping_status":"closed","sticky":false,"template":"","format":"standard","meta":{"footnotes":""},"categories":[2],"tags":[],"class_list":["post-30802","post","type-post","status-publish","format-standard","has-post-thumbnail","hentry","category-nacionales"],"_links":{"self":[{"href":"https:\/\/sertv.gob.pa\/nacionalfm\/wp-json\/wp\/v2\/posts\/30802","targetHints":{"allow":["GET"]}}],"collection":[{"href":"https:\/\/sertv.gob.pa\/nacionalfm\/wp-json\/wp\/v2\/posts"}],"about":[{"href":"https:\/\/sertv.gob.pa\/nacionalfm\/wp-json\/wp\/v2\/types\/post"}],"author":[{"embeddable":true,"href":"https:\/\/sertv.gob.pa\/nacionalfm\/wp-json\/wp\/v2\/users\/1"}],"replies":[{"embeddable":true,"href":"https:\/\/sertv.gob.pa\/nacionalfm\/wp-json\/wp\/v2\/comments?post=30802"}],"version-history":[{"count":0,"href":"https:\/\/sertv.gob.pa\/nacionalfm\/wp-json\/wp\/v2\/posts\/30802\/revisions"}],"wp:featuredmedia":[{"embeddable":true,"href":"https:\/\/sertv.gob.pa\/nacionalfm\/wp-json\/wp\/v2\/media\/30803"}],"wp:attachment":[{"href":"https:\/\/sertv.gob.pa\/nacionalfm\/wp-json\/wp\/v2\/media?parent=30802"}],"wp:term":[{"taxonomy":"category","embeddable":true,"href":"https:\/\/sertv.gob.pa\/nacionalfm\/wp-json\/wp\/v2\/categories?post=30802"},{"taxonomy":"post_tag","embeddable":true,"href":"https:\/\/sertv.gob.pa\/nacionalfm\/wp-json\/wp\/v2\/tags?post=30802"}],"curies":[{"name":"wp","href":"https:\/\/api.w.org\/{rel}","templated":true}]}}