{"id":30804,"date":"2018-09-20T14:54:51","date_gmt":"2018-09-20T14:54:51","guid":{"rendered":""},"modified":"2018-09-20T14:54:51","modified_gmt":"2018-09-20T14:54:51","slug":"vicepresidenta-de-panama-se-reune-con-miembros-del-conarex","status":"publish","type":"post","link":"https:\/\/sertv.gob.pa\/nacionalfm\/vicepresidenta-de-panama-se-reune-con-miembros-del-conarex\/","title":{"rendered":"Vicepresidenta de Panam\u00e1, se re\u00fane con miembros del CONAREX"},"content":{"rendered":"<p>\nCon gran satisfacci\u00f3n la Vicepresidenta y Canciller Isabel De Saint Malo de Alvarado, comparti\u00f3 con los miembros del Consejo Nacional de Relaciones Exteriores (CONAREX), los progresos del proyecto de creaci\u00f3n de la Biblioteca del Acervo Diplom\u00e1tico de la Rep\u00fablica de Panam\u00e1, en la actualidad, en la etapa de curadur\u00eda y consolidaci\u00f3n.\u00a0\u00a0 <\/p>\n<p>Sobre este tema, la Canciller, resalt\u00f3 que cincuenta mil documentos han sido curados, y quince mil catalogados en este proceso siguiendo los requerimientos de la Norma Internacional General de Descripci\u00f3n Archiv\u00edstica (ISAD, por sus siglas en ingl\u00e9s), con el objetivo que la Rep\u00fablica de Panam\u00e1, se incorpore como actor din\u00e1mico de la red cooperativa de archivos diplom\u00e1ticos de las canciller\u00edas de Iberoam\u00e9rica y del mundo. Contamos con documentos debidamente catalogados, inclusive del a\u00f1o 1903, que se suman a las 16 colecciones listas para su exhibici\u00f3n, y a 8 m\u00e1s, que estamos a la espera que sean transferidas como parte del rescate hist\u00f3rico que impulsa la Administraci\u00f3n del Presidente Juan Carlos Varela. <\/p>\n<p>Aprovechando este espacio multisectorial, la Directora y el Subdirector de la Academia Diplom\u00e1tica y Consular,\u00a0\u00a0Rebecca Rojas y Dario Chir\u00fa, compartieron con el CONAREX, los resultados de la Cuarta Convocatoria del Concurso de Ingreso a la Carrera Diplom\u00e1tica y Consular, destacando que 516 aspirantes, revelaron su inter\u00e9s en sumarse a las filas del servicio exterior paname\u00f1o.\u00a0\u00a0Quienes cumplan con los requisitos, ingresar\u00e1n a las diferentes etapas de esta capacitaci\u00f3n, a fin de obtener una de las veinticuatro plazas disponibles para la generaci\u00f3n 2018-2019.\u00a0 <\/p>\n<p>La Canciller por su parte, se mostr\u00f3 muy satisfecha con la diversidad de los perfiles de los postulantes en esta Convocatoria, y cerr\u00f3 refiri\u00e9ndose al compromiso de esta administraci\u00f3n de fortalecer los cimientos de un cuerpo diplom\u00e1tico altamente profesional, diverso en conocimientos y capaz de contribuir a alinear los intereses nacionales con los objetivos estrat\u00e9gicos del pa\u00eds como pol\u00edtica de Estado.\u00a0 <\/p>\n<p>En la reuni\u00f3n de CONAREX, se tocaron tambi\u00e9n, temas de actualidad de pol\u00edtica exterior, como la relaci\u00f3n de Panam\u00e1 con la regi\u00f3n, China y Estados Unidos. <\/p>\n","protected":false},"excerpt":{"rendered":"<p>Con gran satisfacci\u00f3n la Vicepresidenta y Canciller Isabel De Saint <a href=\"https:\/\/sertv.gob.pa\/nacionalfm\/vicepresidenta-de-panama-se-reune-con-miembros-del-conarex\/\"> [&#8230;]<\/a><\/p>\n","protected":false},"author":1,"featured_media":30805,"comment_status":"closed","ping_status":"closed","sticky":false,"template":"","format":"standard","meta":{"footnotes":""},"categories":[2],"tags":[],"class_list":["post-30804","post","type-post","status-publish","format-standard","has-post-thumbnail","hentry","category-nacionales"],"_links":{"self":[{"href":"https:\/\/sertv.gob.pa\/nacionalfm\/wp-json\/wp\/v2\/posts\/30804","targetHints":{"allow":["GET"]}}],"collection":[{"href":"https:\/\/sertv.gob.pa\/nacionalfm\/wp-json\/wp\/v2\/posts"}],"about":[{"href":"https:\/\/sertv.gob.pa\/nacionalfm\/wp-json\/wp\/v2\/types\/post"}],"author":[{"embeddable":true,"href":"https:\/\/sertv.gob.pa\/nacionalfm\/wp-json\/wp\/v2\/users\/1"}],"replies":[{"embeddable":true,"href":"https:\/\/sertv.gob.pa\/nacionalfm\/wp-json\/wp\/v2\/comments?post=30804"}],"version-history":[{"count":0,"href":"https:\/\/sertv.gob.pa\/nacionalfm\/wp-json\/wp\/v2\/posts\/30804\/revisions"}],"wp:featuredmedia":[{"embeddable":true,"href":"https:\/\/sertv.gob.pa\/nacionalfm\/wp-json\/wp\/v2\/media\/30805"}],"wp:attachment":[{"href":"https:\/\/sertv.gob.pa\/nacionalfm\/wp-json\/wp\/v2\/media?parent=30804"}],"wp:term":[{"taxonomy":"category","embeddable":true,"href":"https:\/\/sertv.gob.pa\/nacionalfm\/wp-json\/wp\/v2\/categories?post=30804"},{"taxonomy":"post_tag","embeddable":true,"href":"https:\/\/sertv.gob.pa\/nacionalfm\/wp-json\/wp\/v2\/tags?post=30804"}],"curies":[{"name":"wp","href":"https:\/\/api.w.org\/{rel}","templated":true}]}}