{"id":3081,"date":"2014-12-12T05:00:00","date_gmt":"2014-12-12T05:00:00","guid":{"rendered":""},"modified":"2014-12-12T05:00:00","modified_gmt":"2014-12-12T05:00:00","slug":"se-incrementan-los-casos-de-dengue","status":"publish","type":"post","link":"https:\/\/sertv.gob.pa\/nacionalfm\/se-incrementan-los-casos-de-dengue\/","title":{"rendered":"Se incrementan los casos de dengue"},"content":{"rendered":"<p>\nJos\u00e9 Lasso, supervisor nacional de Control de Vectores del Ministerio de Salud (Minsa), revel\u00f3 que se est\u00e1 dando un aumento de 2% de infestaci\u00f3n con dengue en la poblaci\u00f3n, a nivel nacional. <\/p>\n<p>&ldquo;En estas \u00faltimas semanas hemos notado cierto incremento en la poblaci\u00f3n. Los reportes est\u00e1n hablando de un 2%, que para nosotros es alto&rdquo;, detall\u00f3 Lasso, quien proyect\u00f3 que en el Minsa &ldquo;pretendemos mantener los niveles de infestaci\u00f3n por debajo del 1%&rdquo; y para ello han &ldquo;establecido estrategias de control y de vigilancia de este mosquito [Aedes aegypti], priorizando las \u00e1reas donde hay transmisi\u00f3n del dengue&rdquo;. <\/p>\n<p>Reproch\u00f3 que &ldquo;el paname\u00f1o no ha tomado conciencia de la magnitud de una epidemia de dengue, gracias a Dios no la tenemos como la tienen otros pa\u00edses&rdquo;. <\/p>\n<p>Concluy\u00f3 que las medidas de prevenci\u00f3n contin\u00faan siendo las mismas, enfocadas en &ldquo;evitar que las hembras [Aedes aegypti] hallen un sitio donde reproducirse&rdquo;. <\/p>\n<p>\u00a0 <\/p>\n","protected":false},"excerpt":{"rendered":"<p>Jos\u00e9 Lasso, supervisor nacional de Control de Vectores del Ministerio <a href=\"https:\/\/sertv.gob.pa\/nacionalfm\/se-incrementan-los-casos-de-dengue\/\"> [&#8230;]<\/a><\/p>\n","protected":false},"author":1,"featured_media":3082,"comment_status":"closed","ping_status":"closed","sticky":false,"template":"","format":"standard","meta":{"footnotes":""},"categories":[5],"tags":[],"class_list":["post-3081","post","type-post","status-publish","format-standard","has-post-thumbnail","hentry","category-salud"],"_links":{"self":[{"href":"https:\/\/sertv.gob.pa\/nacionalfm\/wp-json\/wp\/v2\/posts\/3081","targetHints":{"allow":["GET"]}}],"collection":[{"href":"https:\/\/sertv.gob.pa\/nacionalfm\/wp-json\/wp\/v2\/posts"}],"about":[{"href":"https:\/\/sertv.gob.pa\/nacionalfm\/wp-json\/wp\/v2\/types\/post"}],"author":[{"embeddable":true,"href":"https:\/\/sertv.gob.pa\/nacionalfm\/wp-json\/wp\/v2\/users\/1"}],"replies":[{"embeddable":true,"href":"https:\/\/sertv.gob.pa\/nacionalfm\/wp-json\/wp\/v2\/comments?post=3081"}],"version-history":[{"count":0,"href":"https:\/\/sertv.gob.pa\/nacionalfm\/wp-json\/wp\/v2\/posts\/3081\/revisions"}],"wp:featuredmedia":[{"embeddable":true,"href":"https:\/\/sertv.gob.pa\/nacionalfm\/wp-json\/wp\/v2\/media\/3082"}],"wp:attachment":[{"href":"https:\/\/sertv.gob.pa\/nacionalfm\/wp-json\/wp\/v2\/media?parent=3081"}],"wp:term":[{"taxonomy":"category","embeddable":true,"href":"https:\/\/sertv.gob.pa\/nacionalfm\/wp-json\/wp\/v2\/categories?post=3081"},{"taxonomy":"post_tag","embeddable":true,"href":"https:\/\/sertv.gob.pa\/nacionalfm\/wp-json\/wp\/v2\/tags?post=3081"}],"curies":[{"name":"wp","href":"https:\/\/api.w.org\/{rel}","templated":true}]}}