{"id":30812,"date":"2018-09-20T16:27:14","date_gmt":"2018-09-20T16:27:14","guid":{"rendered":""},"modified":"2018-09-20T16:27:14","modified_gmt":"2018-09-20T16:27:14","slug":"colocan-escaneres-en-centro-penitenciario-la-nueva-joya","status":"publish","type":"post","link":"https:\/\/sertv.gob.pa\/nacionalfm\/colocan-escaneres-en-centro-penitenciario-la-nueva-joya\/","title":{"rendered":"Colocan esc\u00e1neres en Centro Penitenciario la Nueva Joya"},"content":{"rendered":"<p>\n Nuevos esc\u00e1neres que reforzar\u00e1n la seguridad est\u00e1n siendo instalados   en el Centro Penitenciario La Nueva Joya,  como parte de las acciones inmediatas adoptadas por las autoridades del Ministerio de Gobierno de Panam\u00e1 (MINGOB), en la lucha frontal contra la corrupci\u00f3n. <\/p>\n<p>Al respecto, el ministro de Gobierno, Carlos Rubio; la viceministra de Gobierno, Gina de Sossa y el director del Sistema Penitenciario, Armando Medina, inspeccionaron la instalaci\u00f3n de los esc\u00e1neres, donados por la Embajada de Estados Unidos\u00a0 y que tienen un valor de  B\/. 122 mil cada uno,  son de alta tecnolog\u00eda capaz de detectar cualquier tipo de objeto. Ser\u00e1n usados, no s\u00f3lo para la revisi\u00f3n digna de los visitantes de las personas privadas de libertad, sino tambi\u00e9n de los propios custodios y todo el personal penitenciario, abogados y dem\u00e1s personas que ingresen a los centros penitenciarios. <\/p>\n<p>En ese sentido, la viceministra de Sossa, resalt\u00f3 que la instituci\u00f3n ha establecido un plan de acci\u00f3n en materia de seguridad, que incluyen controles m\u00e1s r\u00edgidos en este importante centro penitenciario porque no se permitir\u00e1n el descontrol e indisciplina en el centro, o que se sigan violentando los derechos de los privados de libertad, tomando en cuenta los \u00faltimos eventos que se han registrado dentro de La Nueva Joya. <\/p>\n<p>Por su parte, el director del Sistema Penitenciario, explic\u00f3, que estos controles y procedimientos se extender\u00e1n de forma progresiva a todos los centros penitenciarios del pa\u00eds, fortaleciendo el apoyo tecnol\u00f3gico y el recurso humano como parte de la Reforma Penitenciaria. <\/p>\n","protected":false},"excerpt":{"rendered":"<p>Nuevos esc\u00e1neres que reforzar\u00e1n la seguridad est\u00e1n siendo instalados en <a href=\"https:\/\/sertv.gob.pa\/nacionalfm\/colocan-escaneres-en-centro-penitenciario-la-nueva-joya\/\"> [&#8230;]<\/a><\/p>\n","protected":false},"author":1,"featured_media":30813,"comment_status":"closed","ping_status":"closed","sticky":false,"template":"","format":"standard","meta":{"footnotes":""},"categories":[2],"tags":[],"class_list":["post-30812","post","type-post","status-publish","format-standard","has-post-thumbnail","hentry","category-nacionales"],"_links":{"self":[{"href":"https:\/\/sertv.gob.pa\/nacionalfm\/wp-json\/wp\/v2\/posts\/30812","targetHints":{"allow":["GET"]}}],"collection":[{"href":"https:\/\/sertv.gob.pa\/nacionalfm\/wp-json\/wp\/v2\/posts"}],"about":[{"href":"https:\/\/sertv.gob.pa\/nacionalfm\/wp-json\/wp\/v2\/types\/post"}],"author":[{"embeddable":true,"href":"https:\/\/sertv.gob.pa\/nacionalfm\/wp-json\/wp\/v2\/users\/1"}],"replies":[{"embeddable":true,"href":"https:\/\/sertv.gob.pa\/nacionalfm\/wp-json\/wp\/v2\/comments?post=30812"}],"version-history":[{"count":0,"href":"https:\/\/sertv.gob.pa\/nacionalfm\/wp-json\/wp\/v2\/posts\/30812\/revisions"}],"wp:featuredmedia":[{"embeddable":true,"href":"https:\/\/sertv.gob.pa\/nacionalfm\/wp-json\/wp\/v2\/media\/30813"}],"wp:attachment":[{"href":"https:\/\/sertv.gob.pa\/nacionalfm\/wp-json\/wp\/v2\/media?parent=30812"}],"wp:term":[{"taxonomy":"category","embeddable":true,"href":"https:\/\/sertv.gob.pa\/nacionalfm\/wp-json\/wp\/v2\/categories?post=30812"},{"taxonomy":"post_tag","embeddable":true,"href":"https:\/\/sertv.gob.pa\/nacionalfm\/wp-json\/wp\/v2\/tags?post=30812"}],"curies":[{"name":"wp","href":"https:\/\/api.w.org\/{rel}","templated":true}]}}