{"id":30820,"date":"2018-09-20T18:38:47","date_gmt":"2018-09-20T18:38:47","guid":{"rendered":""},"modified":"2018-09-20T18:38:47","modified_gmt":"2018-09-20T18:38:47","slug":"emiten-sello-postal-en-recuerdo-a-demetrio-h-brid","status":"publish","type":"post","link":"https:\/\/sertv.gob.pa\/nacionalfm\/emiten-sello-postal-en-recuerdo-a-demetrio-h-brid\/","title":{"rendered":"Emiten Sello Postal en recuerdo a Demetrio H. Brid"},"content":{"rendered":"<p>\nLas autoridades del Ministerio de Gobierno (MINGOB), a trav\u00e9s de la Direcci\u00f3n General de Correos y Tel\u00e9grafos (COTEL), y el Concejo Municipal de Panam\u00e1, efectuaron el mi\u00e9rcoles, 19 de septiembre, el acto de Primer D\u00eda de Emisi\u00f3n Postal Conmemorativa del Centenario del fallecimiento de Demetrio H. Brid, primer presidente del Concejo Municipal y Presidente del Estado de facto de la Rep\u00fablica de Panam\u00e1, 3 y 4 de noviembre de 1903. <\/p>\n<p>Este evento cont\u00f3 con la presencia del ministro de Gobierno, Carlos Rubio, y la viceministra de Gobierno, Gina Luciani de Sossa. <\/p>\n<p>El estampado protocolar del nuevo sello, estuvo a cargo del se\u00f1or Federico A. Brid, nieto de Demetrio H. Brid. En tanto que, la develaci\u00f3n del cuadro representativo de la emisi\u00f3n postal, la llevaron a cabo, el director de Correos y Tel\u00e9grafos, Rub\u00e9n G\u00f3mez e Irving Halman Brid, director de Innovaci\u00f3n Gubernamental y bisnieto de Demetrio H. Brid. <\/p>\n<p>Durante este acto, se entregaron pergaminos y\u00a0\u00a0obsequios con los ejemplares de la emisi\u00f3n postal\u00a0 al ministro Rubio,\u00a0\u00a0Demetrio Brid, Federico A. Brid\u00a0 e Irving Halman Brid; al presidente del Concejo Municipal, Carlos Lee; al historiador y profesor, Rommel Escarriola, quien fue el orador de fondo del acto, entre otras personalidades. <\/p>\n<p>En su intervenci\u00f3n, Rub\u00e9n G\u00f3mez, director de Cotel, indic\u00f3, que merece especial atenci\u00f3n esta emisi\u00f3n postal porque Demetrio H. Brid, contribuy\u00f3 al desarrollo de la filatelia en la Panam\u00e1. &ldquo;Los tres sellos que hoy se ponen en circulaci\u00f3n viajar\u00e1n por el mundo en la correspondencia y la paqueter\u00eda nacional e internacional, a trav\u00e9s de Cotel conversaremos de su excepcional trayectoria y servicio al pa\u00eds&rdquo;. <\/p>\n","protected":false},"excerpt":{"rendered":"<p>Las autoridades del Ministerio de Gobierno (MINGOB), a trav\u00e9s de <a href=\"https:\/\/sertv.gob.pa\/nacionalfm\/emiten-sello-postal-en-recuerdo-a-demetrio-h-brid\/\"> [&#8230;]<\/a><\/p>\n","protected":false},"author":1,"featured_media":30821,"comment_status":"closed","ping_status":"closed","sticky":false,"template":"","format":"standard","meta":{"footnotes":""},"categories":[2],"tags":[],"class_list":["post-30820","post","type-post","status-publish","format-standard","has-post-thumbnail","hentry","category-nacionales"],"_links":{"self":[{"href":"https:\/\/sertv.gob.pa\/nacionalfm\/wp-json\/wp\/v2\/posts\/30820","targetHints":{"allow":["GET"]}}],"collection":[{"href":"https:\/\/sertv.gob.pa\/nacionalfm\/wp-json\/wp\/v2\/posts"}],"about":[{"href":"https:\/\/sertv.gob.pa\/nacionalfm\/wp-json\/wp\/v2\/types\/post"}],"author":[{"embeddable":true,"href":"https:\/\/sertv.gob.pa\/nacionalfm\/wp-json\/wp\/v2\/users\/1"}],"replies":[{"embeddable":true,"href":"https:\/\/sertv.gob.pa\/nacionalfm\/wp-json\/wp\/v2\/comments?post=30820"}],"version-history":[{"count":0,"href":"https:\/\/sertv.gob.pa\/nacionalfm\/wp-json\/wp\/v2\/posts\/30820\/revisions"}],"wp:featuredmedia":[{"embeddable":true,"href":"https:\/\/sertv.gob.pa\/nacionalfm\/wp-json\/wp\/v2\/media\/30821"}],"wp:attachment":[{"href":"https:\/\/sertv.gob.pa\/nacionalfm\/wp-json\/wp\/v2\/media?parent=30820"}],"wp:term":[{"taxonomy":"category","embeddable":true,"href":"https:\/\/sertv.gob.pa\/nacionalfm\/wp-json\/wp\/v2\/categories?post=30820"},{"taxonomy":"post_tag","embeddable":true,"href":"https:\/\/sertv.gob.pa\/nacionalfm\/wp-json\/wp\/v2\/tags?post=30820"}],"curies":[{"name":"wp","href":"https:\/\/api.w.org\/{rel}","templated":true}]}}