{"id":30822,"date":"2018-09-20T19:01:06","date_gmt":"2018-09-20T19:01:06","guid":{"rendered":""},"modified":"2018-09-20T19:01:06","modified_gmt":"2018-09-20T19:01:06","slug":"arranca-el-1er-concurso-internacional-sobre-ejecucion-de-pena","status":"publish","type":"post","link":"https:\/\/sertv.gob.pa\/nacionalfm\/arranca-el-1er-concurso-internacional-sobre-ejecucion-de-pena\/","title":{"rendered":"Arranca el 1er. Concurso Internacional sobre \u201cEjecuci\u00f3n de Pena\u201d"},"content":{"rendered":"<p>\nEl mi\u00e9rcoles, 19 de septiembre, fue inaugurado el Ier Curso Internacional de Ejecuci\u00f3n de Pena: retos para Panam\u00e1 en el Sistema Penal Acusatorio, donde participan jueces, fiscales, funcionarios penitenciarios y judiciales de Panam\u00e1 y de pa\u00edses de la regi\u00f3n. <\/p>\n<p>Este evento, donde concurri\u00f3 el ministro de Gobierno, Carlos Eduardo Rubio, acompa\u00f1ado por la viceministra, Gina Luciani de Sossa, y el director del Sistema Penitenciario, Armando Medina, est\u00e1 orientado en una metodolog\u00eda participativa, combinando conferencias magistrales, paneles de discusi\u00f3n y estudio de jurisprudencia nacional y extranjera. Para el mismo, partiticipan representantes de Honduras, El Salvador, Rep\u00fablica Dominicana, Colombia, Ecuador, Per\u00fa, Chile, Argentina y Uruguay.\u00a0 Adem\u00e1s, busca permitir la adquisici\u00f3n de conocimientos en las \u00e1reas de ejecuci\u00f3n de pena, reforma penitenciaria en Panam\u00e1 y pa\u00edses de la regi\u00f3n, conflicto de competencia de los jueces de cumplimiento y tutela judicial de las personas privadas de libertad con problemas de salud, adicciones y maternidad. <\/p>\n<p>Correspondi\u00f3 al magistrado del Tribunal Superior de Apelaciones de Panam\u00e1, Luis Mario Carrasco, dar la bienvenida a los participantes a este evento internacional. <\/p>\n<p>En este Ier curso internacional, que tiene como fin describir la evoluci\u00f3n de la tutela de las penas, rehabilitaci\u00f3n y vigilancia penitenciaria de Panam\u00e1 y de los pa\u00edses participantes, tambi\u00e9n estar\u00e1 como expositor, el director general del Sistema Penitenciario, Armando Medina, quien presentar\u00e1 la evoluci\u00f3n del Sistema Penitenciario de Panam\u00e1. <\/p>\n","protected":false},"excerpt":{"rendered":"<p>El mi\u00e9rcoles, 19 de septiembre, fue inaugurado el Ier Curso <a href=\"https:\/\/sertv.gob.pa\/nacionalfm\/arranca-el-1er-concurso-internacional-sobre-ejecucion-de-pena\/\"> [&#8230;]<\/a><\/p>\n","protected":false},"author":1,"featured_media":30823,"comment_status":"closed","ping_status":"closed","sticky":false,"template":"","format":"standard","meta":{"footnotes":""},"categories":[2],"tags":[],"class_list":["post-30822","post","type-post","status-publish","format-standard","has-post-thumbnail","hentry","category-nacionales"],"_links":{"self":[{"href":"https:\/\/sertv.gob.pa\/nacionalfm\/wp-json\/wp\/v2\/posts\/30822","targetHints":{"allow":["GET"]}}],"collection":[{"href":"https:\/\/sertv.gob.pa\/nacionalfm\/wp-json\/wp\/v2\/posts"}],"about":[{"href":"https:\/\/sertv.gob.pa\/nacionalfm\/wp-json\/wp\/v2\/types\/post"}],"author":[{"embeddable":true,"href":"https:\/\/sertv.gob.pa\/nacionalfm\/wp-json\/wp\/v2\/users\/1"}],"replies":[{"embeddable":true,"href":"https:\/\/sertv.gob.pa\/nacionalfm\/wp-json\/wp\/v2\/comments?post=30822"}],"version-history":[{"count":0,"href":"https:\/\/sertv.gob.pa\/nacionalfm\/wp-json\/wp\/v2\/posts\/30822\/revisions"}],"wp:featuredmedia":[{"embeddable":true,"href":"https:\/\/sertv.gob.pa\/nacionalfm\/wp-json\/wp\/v2\/media\/30823"}],"wp:attachment":[{"href":"https:\/\/sertv.gob.pa\/nacionalfm\/wp-json\/wp\/v2\/media?parent=30822"}],"wp:term":[{"taxonomy":"category","embeddable":true,"href":"https:\/\/sertv.gob.pa\/nacionalfm\/wp-json\/wp\/v2\/categories?post=30822"},{"taxonomy":"post_tag","embeddable":true,"href":"https:\/\/sertv.gob.pa\/nacionalfm\/wp-json\/wp\/v2\/tags?post=30822"}],"curies":[{"name":"wp","href":"https:\/\/api.w.org\/{rel}","templated":true}]}}